{"id":348126,"date":"2025-10-06T11:00:02","date_gmt":"2025-10-06T09:00:02","guid":{"rendered":"https:\/\/bee2linkgroup.com\/?p=348126"},"modified":"2025-10-06T13:48:00","modified_gmt":"2025-10-06T11:48:00","slug":"tommaso-carboni-nominato-country-director-di-bee2link-group-italia-per-guidare-crescita-e-innovazione-digitale","status":"publish","type":"post","link":"https:\/\/bee2linkgroup.com\/it\/actualites\/comunicati-stampa\/tommaso-carboni-nominato-country-director-di-bee2link-group-italia-per-guidare-crescita-e-innovazione-digitale\/","title":{"rendered":"Tommaso Carboni nominato Country Director di bee2link group Italia per guidare crescita e innovazione digitale"},"content":{"rendered":"\t\t<div data-elementor-type=\"wp-post\" data-elementor-id=\"348126\" class=\"elementor elementor-348126\" data-elementor-post-type=\"post\">\n\t\t\t\t\t\t<section class=\"elementor-section elementor-top-section elementor-element elementor-element-52b37d9 elementor-section-boxed elementor-section-height-default elementor-section-height-default\" data-id=\"52b37d9\" data-element_type=\"section\" data-e-type=\"section\" data-settings=\"{&quot;background_background&quot;:&quot;classic&quot;}\">\n\t\t\t\t\t\t<div class=\"elementor-container elementor-column-gap-default\">\n\t\t\t\t\t<div class=\"elementor-column elementor-col-50 elementor-top-column elementor-element elementor-element-48b2518\" data-id=\"48b2518\" data-element_type=\"column\" data-e-type=\"column\">\n\t\t\t<div class=\"elementor-widget-wrap elementor-element-populated\">\n\t\t\t\t\t\t<div class=\"elementor-element elementor-element-8f8b0f2 elementor-widget elementor-widget-heading\" data-id=\"8f8b0f2\" data-element_type=\"widget\" data-e-type=\"widget\" data-widget_type=\"heading.default\">\n\t\t\t\t<div class=\"elementor-widget-container\">\n\t\t\t\t\t<p class=\"elementor-heading-title elementor-size-default\">06\/10\/2025<\/p>\t\t\t\t<\/div>\n\t\t\t\t<\/div>\n\t\t\t\t<div class=\"elementor-element elementor-element-12d867a elementor-widget elementor-widget-heading\" data-id=\"12d867a\" data-element_type=\"widget\" data-e-type=\"widget\" data-widget_type=\"heading.default\">\n\t\t\t\t<div class=\"elementor-widget-container\">\n\t\t\t\t\t<h1 class=\"elementor-heading-title elementor-size-default\">Tommaso Carboni nominato Country Director di bee2link group Italia per guidare crescita e innovazione digitale<\/h1>\t\t\t\t<\/div>\n\t\t\t\t<\/div>\n\t\t\t\t\t<\/div>\n\t\t<\/div>\n\t\t\t\t<div class=\"elementor-column elementor-col-50 elementor-top-column elementor-element elementor-element-618b9ce\" data-id=\"618b9ce\" data-element_type=\"column\" data-e-type=\"column\" data-settings=\"{&quot;background_background&quot;:&quot;classic&quot;}\">\n\t\t\t<div class=\"elementor-widget-wrap elementor-element-populated\">\n\t\t\t\t\t\t<div class=\"elementor-element elementor-element-b69abda elementor-widget elementor-widget-image\" data-id=\"b69abda\" data-element_type=\"widget\" data-e-type=\"widget\" data-widget_type=\"image.default\">\n\t\t\t\t<div class=\"elementor-widget-container\">\n\t\t\t\t\t\t\t\t\t\t\t\t\t\t\t<img loading=\"lazy\" decoding=\"async\" width=\"728\" height=\"728\" src=\"https:\/\/bee2linkgroup.com\/wp-content\/uploads\/2023\/10\/560F75E6-D777-4AE0-B509-0FE3E10B06AF-2.svg\" class=\"attachment-large size-large wp-image-3290\" alt=\"\" \/>\t\t\t\t\t\t\t\t\t\t\t\t\t\t\t<\/div>\n\t\t\t\t<\/div>\n\t\t\t\t\t<\/div>\n\t\t<\/div>\n\t\t\t\t\t<\/div>\n\t\t<\/section>\n\t\t\t\t<section class=\"elementor-section elementor-top-section elementor-element elementor-element-17c04ae elementor-section-boxed elementor-section-height-default elementor-section-height-default\" data-id=\"17c04ae\" data-element_type=\"section\" data-e-type=\"section\">\n\t\t\t\t\t\t<div class=\"elementor-container elementor-column-gap-default\">\n\t\t\t\t\t<div class=\"elementor-column elementor-col-100 elementor-top-column elementor-element elementor-element-e476e8f\" data-id=\"e476e8f\" data-element_type=\"column\" data-e-type=\"column\">\n\t\t\t<div class=\"elementor-widget-wrap elementor-element-populated\">\n\t\t\t\t\t\t<div class=\"elementor-element elementor-element-efc5403 elementor-widget elementor-widget-text-editor\" data-id=\"efc5403\" data-element_type=\"widget\" data-e-type=\"widget\" data-widget_type=\"text-editor.default\">\n\t\t\t\t<div class=\"elementor-widget-container\">\n\t\t\t\t\t\t\t\t\t<div class=\"seperator-border\"><p><strong>Un passo strategico per consolidare la presenza di bee2link group in Italia, a seguito dei riconoscimenti ottenuti all\u2019Automotive Dealer Day 2025 e al Top Dealer Day di Ottobre<\/strong><\/p><\/div>\t\t\t\t\t\t\t\t<\/div>\n\t\t\t\t<\/div>\n\t\t\t\t<div class=\"elementor-element elementor-element-89c6fb0 elementor-widget elementor-widget-text-editor\" data-id=\"89c6fb0\" data-element_type=\"widget\" data-e-type=\"widget\" data-widget_type=\"text-editor.default\">\n\t\t\t\t<div class=\"elementor-widget-container\">\n\t\t\t\t\t\t\t\t\t<p>Con oltre 25 anni di esperienza internazionale in revenue growth, trasformazione digitale e scalabilit\u00e0 di business nel settore SaaS (Software as a Service) automotive e digitale, Carboni porter\u00e0 la sua leadership nel consolidamento della presenza locale e nello sviluppo di nuove opportunit\u00e0 per Dealer, NSC (National Sales Company) e OEM (Costruttori italiani). Tra i principali obiettivi di Carboni vi \u00e8 quello di raddoppiare il volume di business in Italia entro i prossimi tre anni, rafforzando la fiducia dei clienti attraverso percorsi di trasformazione digitale agili e integrati. La sua nomina arriva in un momento particolarmente strategico per l\u2019azienda, dopo il successo registrato all\u2019Automotive Dealer Day 2025 e il Top Dealer Day di Ottobre, dove la filiale ha partecipato come Best Partner.<\/p>\t\t\t\t\t\t\t\t<\/div>\n\t\t\t\t<\/div>\n\t\t<div class=\"elementor-element elementor-element-cafb70b e-flex e-con-boxed e-con e-parent\" data-id=\"cafb70b\" data-element_type=\"container\" data-e-type=\"container\">\n\t\t\t\t\t<div class=\"e-con-inner\">\n\t\t<div class=\"elementor-element elementor-element-105fb81 e-con-full e-flex e-con e-child\" data-id=\"105fb81\" data-element_type=\"container\" data-e-type=\"container\">\n\t\t\t\t<div class=\"elementor-element elementor-element-f610e68 elementor-widget elementor-widget-image\" data-id=\"f610e68\" data-element_type=\"widget\" data-e-type=\"widget\" data-widget_type=\"image.default\">\n\t\t\t\t<div class=\"elementor-widget-container\">\n\t\t\t\t\t\t\t\t\t\t\t\t\t\t\t<img loading=\"lazy\" decoding=\"async\" width=\"168\" height=\"168\" src=\"https:\/\/bee2linkgroup.com\/wp-content\/uploads\/2025\/09\/Image2.png\" class=\"attachment-large size-large wp-image-348140\" alt=\"\" srcset=\"https:\/\/bee2linkgroup.com\/wp-content\/uploads\/2025\/09\/Image2.png 168w, https:\/\/bee2linkgroup.com\/wp-content\/uploads\/2025\/09\/Image2-150x150.png 150w\" sizes=\"auto, (max-width: 168px) 100vw, 168px\" \/>\t\t\t\t\t\t\t\t\t\t\t\t\t\t\t<\/div>\n\t\t\t\t<\/div>\n\t\t\t\t<\/div>\n\t\t<div class=\"elementor-element elementor-element-4ba4610 e-con-full e-flex e-con e-child\" data-id=\"4ba4610\" data-element_type=\"container\" data-e-type=\"container\">\n\t\t\t\t<div class=\"elementor-element elementor-element-ce0e4b9 elementor-widget elementor-widget-text-editor\" data-id=\"ce0e4b9\" data-element_type=\"widget\" data-e-type=\"widget\" data-widget_type=\"text-editor.default\">\n\t\t\t\t<div class=\"elementor-widget-container\">\n\t\t\t\t\t\t\t\t\t<p><em>\u201cSiamo lieti di accogliere Tommaso Carboni alla guida della filiale italiana\u201d,<\/em> commenta Franck Ropert, Co-CEO Global Sales, Operations &amp; Marketing. \u201c<em>Con Tommaso alla guida, siamo fiduciosi di poter consolidare la nostra strategia di sviluppo in Italia, accelerare la crescita e offrire ai dealer e ai costruttori italiani un ecosistema digitale sempre pi\u00f9 innovativo e completo\u201d<\/em> \u2013 <strong>continua Ropert.<\/strong><\/p>\t\t\t\t\t\t\t\t<\/div>\n\t\t\t\t<\/div>\n\t\t\t\t<\/div>\n\t\t\t\t\t<\/div>\n\t\t\t\t<\/div>\n\t\t\t\t<div class=\"elementor-element elementor-element-0f2a274 elementor-widget elementor-widget-heading\" data-id=\"0f2a274\" data-element_type=\"widget\" data-e-type=\"widget\" data-widget_type=\"heading.default\">\n\t\t\t\t<div class=\"elementor-widget-container\">\n\t\t\t\t\t<h2 class=\"elementor-heading-title elementor-size-default\">bee2link group e Terranova Web Systems: un\u2019offerta completa, multi-verticale e su misura per il mercato italiano<\/h2>\t\t\t\t<\/div>\n\t\t\t\t<\/div>\n\t\t\t\t<div class=\"elementor-element elementor-element-d8535d7 elementor-widget elementor-widget-text-editor\" data-id=\"d8535d7\" data-element_type=\"widget\" data-e-type=\"widget\" data-widget_type=\"text-editor.default\">\n\t\t\t\t<div class=\"elementor-widget-container\">\n\t\t\t\t\t\t\t\t\t<p>bee2link group Italia nasce nel 2021 dall\u2019integrazione tra l\u2019azienda francese bee2link group e Terranova Web Systems, storica realt\u00e0 fiorentina guidata da Stefano Tinti dal 1998. La fusione ha dato vita a un centro di eccellenza che unisce esperienza internazionale e competenze locali, offrendo a distributori e costruttori italiani soluzioni digitali sempre pi\u00f9 complete e performanti.<\/p>\t\t\t\t\t\t\t\t<\/div>\n\t\t\t\t<\/div>\n\t\t\t\t<div class=\"elementor-element elementor-element-2386804 elementor-widget elementor-widget-image\" data-id=\"2386804\" data-element_type=\"widget\" data-e-type=\"widget\" data-widget_type=\"image.default\">\n\t\t\t\t<div class=\"elementor-widget-container\">\n\t\t\t\t\t\t\t\t\t\t\t\t\t\t\t<img loading=\"lazy\" decoding=\"async\" width=\"609\" height=\"361\" src=\"https:\/\/bee2linkgroup.com\/wp-content\/uploads\/2025\/09\/Image3.png\" class=\"attachment-full size-full wp-image-348135\" alt=\"\" srcset=\"https:\/\/bee2linkgroup.com\/wp-content\/uploads\/2025\/09\/Image3.png 609w, https:\/\/bee2linkgroup.com\/wp-content\/uploads\/2025\/09\/Image3-300x178.png 300w\" sizes=\"auto, (max-width: 609px) 100vw, 609px\" \/>\t\t\t\t\t\t\t\t\t\t\t\t\t\t\t<\/div>\n\t\t\t\t<\/div>\n\t\t\t\t<div class=\"elementor-element elementor-element-f779c74 elementor-widget elementor-widget-text-editor\" data-id=\"f779c74\" data-element_type=\"widget\" data-e-type=\"widget\" data-widget_type=\"text-editor.default\">\n\t\t\t\t<div class=\"elementor-widget-container\">\n\t\t\t\t\t\t\t\t\t<p>L\u2019offerta per il mercato italiano continuer\u00e0 a fondarsi sulle piattaforme storiche, Tcar \u2013 dedicata alla gestione dello stock \u2013 e Tfact \u2013 pensata per il ricondizionamento dei veicoli usati. Queste soluzioni verranno ulteriormente arricchite dalle applicazioni sviluppate dagli altri brand e dalle divisioni specialistiche del gruppo, ampliando il portafoglio e adattandosi in modo sempre pi\u00f9 mirato alle esigenze del mercato. Tutte le soluzioni del gruppo sono integrate nella piattaforma all-in-one OpenFlex, che copre tutte le principali attivit\u00e0 dei dealer: dalla pianificazione delle officine post-vendita alla gestione dei noleggi a breve, medio e lungo termine, fino alla digitalizzazione dei processi documentali tramite workflow dedicati. L\u2019Intelligenza Artificiale \u00e8 un elemento distintivo dell\u2019offerta: con Opportunit\u00e0 Officina, ad esempio, trasforma gli appuntamenti in officina in nuove occasioni di vendita e, grazie al marketing predittivo, anticipa i comportamenti dei clienti per supportare strategie commerciali sempre pi\u00f9 mirate ed efficaci. Il portafoglio comprende inoltre soluzioni per l\u2019aggiornamento automatico dei prezzi in tempo reale, la perizia digitale e il remarketing dei veicoli. Grazie a questo approccio integrato, bee2link group Italia offre un ecosistema SaaS modulare e completo, in grado di ottimizzare i processi interni dei dealer e dei costruttori e migliorare la customer-experience complessiva.<\/p>\t\t\t\t\t\t\t\t<\/div>\n\t\t\t\t<\/div>\n\t\t\t\t<div class=\"elementor-element elementor-element-405ce5d elementor-widget elementor-widget-heading\" data-id=\"405ce5d\" data-element_type=\"widget\" data-e-type=\"widget\" data-widget_type=\"heading.default\">\n\t\t\t\t<div class=\"elementor-widget-container\">\n\t\t\t\t\t<h2 class=\"elementor-heading-title elementor-size-default\">Obiettivi e strategia futura<\/h2>\t\t\t\t<\/div>\n\t\t\t\t<\/div>\n\t\t\t\t<div class=\"elementor-element elementor-element-e048c5c elementor-widget elementor-widget-text-editor\" data-id=\"e048c5c\" data-element_type=\"widget\" data-e-type=\"widget\" data-widget_type=\"text-editor.default\">\n\t\t\t\t<div class=\"elementor-widget-container\">\n\t\t\t\t\t\t\t\t\t<p>Con oltre 100.000 utenti attivi in Europa, bee2link group si conferma tra i protagonisti della trasformazione digitale della distribuzione automobilistica, mentre in Italia, la filiale punta a raddoppiare il volume di business nei prossimi tre anni. In quest\u2019ottica, la strategia di sviluppo locale guidata da Carboni si baser\u00e0 su un approccio multicanale e personalizzato, unendo la profonda conoscenza del mercato italiano alle soluzioni digitali del gruppo, con l\u2019obiettivo di ottimizzare i processi e supportare i dealer nella loro trasformazione digitale, valorizzando ogni interazione con clienti e partner. Al suo fianco, un team consolidato di Business Development composto da Andrea Alessandro, Direttore Commerciale, Catherine Dantaux, Responsabile Commerciale Italia, Ayman Hnini, Michela Raffaelli e Gianmarco Bendini.<\/p>\t\t\t\t\t\t\t\t<\/div>\n\t\t\t\t<\/div>\n\t\t\t\t<div class=\"elementor-element elementor-element-7c48854 elementor-widget elementor-widget-heading\" data-id=\"7c48854\" data-element_type=\"widget\" data-e-type=\"widget\" data-widget_type=\"heading.default\">\n\t\t\t\t<div class=\"elementor-widget-container\">\n\t\t\t\t\t<h2 class=\"elementor-heading-title elementor-size-default\">Un sentito ringraziamento a Stefano Tinti<\/h2>\t\t\t\t<\/div>\n\t\t\t\t<\/div>\n\t\t\t\t<div class=\"elementor-element elementor-element-df8ed4f elementor-blockquote--skin-quotation elementor-blockquote--align-left elementor-widget elementor-widget-blockquote\" data-id=\"df8ed4f\" data-element_type=\"widget\" data-e-type=\"widget\" data-widget_type=\"blockquote.default\">\n\t\t\t\t<div class=\"elementor-widget-container\">\n\t\t\t\t\t\t\t<blockquote class=\"elementor-blockquote\">\n\t\t\t<p class=\"elementor-blockquote__content\">\n\t\t\t\t\u201cDesideriamo ringraziare Stefano Tinti per il contributo fondamentale che ha dato negli anni allo sviluppo di bee2link group Italia. Con visione e determinazione, attraverso Terranova Web Systems, ha creato le condizioni per guardare con ambizione al futuro, ponendo basi solide sia sul piano del prodotto \u2013 con Tcar e Tfact \u2013 sia su quello umano. \u00c8 stato un punto di riferimento per numerosi dealer di prestigio in Italia e, soprattutto, all\u2019interno dell\u2019azienda ha saputo costruire rapporti di fiducia duraturi con i propri collaboratori, rafforzando il potenziale di sviluppo del gruppo\u201d \t\t\t<\/p>\n\t\t\t\t\t\t\t<div class=\"e-q-footer\">\n\t\t\t\t\t\t\t\t\t\t\t<cite class=\"elementor-blockquote__author\">Franck Ropert, Co-CEO Global Sales, Operations &amp; Marketing<\/cite>\n\t\t\t\t\t\t\t\t\t\t\t\t\t\t<\/div>\n\t\t\t\t\t<\/blockquote>\n\t\t\t\t\t\t<\/div>\n\t\t\t\t<\/div>\n\t\t\t\t<div class=\"elementor-element elementor-element-691c1f2 elementor-align-center elementor-widget elementor-widget-button\" data-id=\"691c1f2\" data-element_type=\"widget\" data-e-type=\"widget\" data-widget_type=\"button.default\">\n\t\t\t\t<div class=\"elementor-widget-container\">\n\t\t\t\t\t\t\t\t\t<div class=\"elementor-button-wrapper\">\n\t\t\t\t\t<a class=\"elementor-button elementor-button-link elementor-size-md\" href=\"https:\/\/bee2linkgroup.com\/wp-content\/uploads\/2025\/09\/20250930_Communique-de-presse_bee2link_group_Italia_Final_IT.pdf\" target=\"_blank\">\n\t\t\t\t\t\t<span class=\"elementor-button-content-wrapper\">\n\t\t\t\t\t\t\t\t\t<span class=\"elementor-button-text\">Leggi il comunicato stampa<\/span>\n\t\t\t\t\t<\/span>\n\t\t\t\t\t<\/a>\n\t\t\t\t<\/div>\n\t\t\t\t\t\t\t\t<\/div>\n\t\t\t\t<\/div>\n\t\t\t\t\t<\/div>\n\t\t<\/div>\n\t\t\t\t\t<\/div>\n\t\t<\/section>\n\t\t\t\t<section class=\"elementor-section elementor-top-section elementor-element elementor-element-8f9154f elementor-section-full_width elementor-section-height-default elementor-section-height-default\" data-id=\"8f9154f\" data-element_type=\"section\" data-e-type=\"section\">\n\t\t\t\t\t\t<div class=\"elementor-container elementor-column-gap-default\">\n\t\t\t\t\t<div class=\"elementor-column elementor-col-100 elementor-top-column elementor-element elementor-element-db1e911\" data-id=\"db1e911\" data-element_type=\"column\" data-e-type=\"column\">\n\t\t\t<div class=\"elementor-widget-wrap elementor-element-populated\">\n\t\t\t\t\t\t<div class=\"elementor-element elementor-element-45a3498 elementor-widget elementor-widget-template\" data-id=\"45a3498\" data-element_type=\"widget\" data-e-type=\"widget\" data-widget_type=\"template.default\">\n\t\t\t\t<div class=\"elementor-widget-container\">\n\t\t\t\t\t\t\t<div class=\"elementor-template\">\n\t\t\t\t\t<div data-elementor-type=\"section\" data-elementor-id=\"346002\" class=\"elementor elementor-346002 elementor-345845\" data-elementor-post-type=\"elementor_library\">\n\t\t\t\t\t<section class=\"elementor-section elementor-top-section elementor-element elementor-element-f6001cd elementor-section-stretched elementor-section-full_width elementor-section-height-default elementor-section-height-default\" data-id=\"f6001cd\" data-element_type=\"section\" data-e-type=\"section\" data-settings=\"{&quot;background_background&quot;:&quot;classic&quot;,&quot;stretch_section&quot;:&quot;section-stretched&quot;}\">\n\t\t\t\t\t\t\t<div class=\"elementor-background-overlay\"><\/div>\n\t\t\t\t\t\t\t<div class=\"elementor-container elementor-column-gap-default\">\n\t\t\t\t\t<div class=\"elementor-column elementor-col-50 elementor-top-column elementor-element elementor-element-5b13dc5\" data-id=\"5b13dc5\" data-element_type=\"column\" data-e-type=\"column\" data-settings=\"{&quot;background_background&quot;:&quot;classic&quot;}\">\n\t\t\t<div class=\"elementor-widget-wrap elementor-element-populated\">\n\t\t\t\t\t\t<div class=\"elementor-element elementor-element-063c695 elementor-widget__width-initial elementor-hidden-desktop elementor-hidden-tablet elementor-hidden-laptop elementor-widget elementor-widget-heading\" data-id=\"063c695\" data-element_type=\"widget\" data-e-type=\"widget\" data-widget_type=\"heading.default\">\n\t\t\t\t<div class=\"elementor-widget-container\">\n\t\t\t\t\t<h2 class=\"elementor-heading-title elementor-size-default\">Le notizie\ndi bee2link group Italia<\/h2>\t\t\t\t<\/div>\n\t\t\t\t<\/div>\n\t\t\t\t<div class=\"elementor-element elementor-element-f6e60b5 elementor-widget__width-inherit elementor-hidden-mobile elementor-widget elementor-widget-heading\" data-id=\"f6e60b5\" data-element_type=\"widget\" data-e-type=\"widget\" data-widget_type=\"heading.default\">\n\t\t\t\t<div class=\"elementor-widget-container\">\n\t\t\t\t\t<h2 class=\"elementor-heading-title elementor-size-default\">Le notizie\ndi bee2link group Italia<\/h2>\t\t\t\t<\/div>\n\t\t\t\t<\/div>\n\t\t\t\t<div class=\"elementor-element elementor-element-85ea60e elementor-widget elementor-widget-button\" data-id=\"85ea60e\" data-element_type=\"widget\" data-e-type=\"widget\" data-widget_type=\"button.default\">\n\t\t\t\t<div class=\"elementor-widget-container\">\n\t\t\t\t\t\t\t\t\t<div class=\"elementor-button-wrapper\">\n\t\t\t\t\t<a class=\"elementor-button elementor-button-link elementor-size-sm\" href=\"https:\/\/bee2linkgroup.com\/it\/notizie\/\">\n\t\t\t\t\t\t<span class=\"elementor-button-content-wrapper\">\n\t\t\t\t\t\t<span class=\"elementor-button-icon\">\n\t\t\t\t<svg xmlns=\"http:\/\/www.w3.org\/2000\/svg\" xmlns:xlink=\"http:\/\/www.w3.org\/1999\/xlink\" width=\"16px\" height=\"16px\" viewBox=\"0 0 16 16\"><title>1AB0CEEE-39F2-4B13-A987-63879D46574F<\/title><g id=\"Contact-&#x1F4F1;&#x1F5A5;&#xFE0F;-&#x1F7E0;\" stroke=\"none\" stroke-width=\"1\" fill=\"none\" fill-rule=\"evenodd\"><g id=\"Contact(mail)_desktop\" transform=\"translate(-259.000000, -1993.000000)\" fill=\"#00ABFF\"><g id=\"\/\/pushs\" transform=\"translate(0.000000, 1741.000000)\"><g id=\"Group\" transform=\"translate(118.000000, 68.000000)\"><g id=\"CTA\/bouton\/border\/txt+arrow\/desktop\" transform=\"translate(0.000000, 168.000000)\"><g id=\"icons\/arrown_right\" transform=\"translate(141.000000, 16.000000)\"><path d=\"M0,12 L8,4 L16,12 C12.5356734,10.6725922 9.86900669,10.0088882 8,10.0088882 C6.13099331,10.0088882 3.46432665,10.6725922 0,12 Z\" id=\"Path\" transform=\"translate(8.000000, 8.000000) scale(1, -1) rotate(-270.000000) translate(-8.000000, -8.000000) \"><\/path><\/g><\/g><\/g><\/g><\/g><\/g><\/svg>\t\t\t<\/span>\n\t\t\t\t\t\t\t\t\t<span class=\"elementor-button-text\">Leggi altre notizie<\/span>\n\t\t\t\t\t<\/span>\n\t\t\t\t\t<\/a>\n\t\t\t\t<\/div>\n\t\t\t\t\t\t\t\t<\/div>\n\t\t\t\t<\/div>\n\t\t\t\t\t<\/div>\n\t\t<\/div>\n\t\t\t\t<div class=\"elementor-column elementor-col-50 elementor-top-column elementor-element elementor-element-1afc32d\" data-id=\"1afc32d\" data-element_type=\"column\" data-e-type=\"column\">\n\t\t\t<div class=\"elementor-widget-wrap elementor-element-populated\">\n\t\t\t\t\t\t<div class=\"elementor-element elementor-element-d720ac9 elementor-widget__width-inherit elementor-widget elementor-widget-jet-posts\" data-id=\"d720ac9\" data-element_type=\"widget\" data-e-type=\"widget\" data-settings=\"{&quot;columns_mobile&quot;:&quot;1&quot;,&quot;columns_tablet&quot;:&quot;2&quot;,&quot;columns&quot;:&quot;3&quot;,&quot;columns_laptop&quot;:&quot;2&quot;,&quot;slides_to_scroll&quot;:&quot;1&quot;}\" data-widget_type=\"jet-posts.default\">\n\t\t\t\t<div class=\"elementor-widget-container\">\n\t\t\t\t\t<div class=\"elementor-jet-posts jet-elements\"><div class=\"jet-carousel elementor-slick-slider\" data-slider_options=\"{&quot;autoplaySpeed&quot;:5000,&quot;autoplay&quot;:false,&quot;infinite&quot;:true,&quot;pauseOnHover&quot;:false,&quot;speed&quot;:500,&quot;arrows&quot;:true,&quot;dots&quot;:false,&quot;slidesToScroll&quot;:1,&quot;prevArrow&quot;:&quot;.jet-posts__prev-arrow-d720ac9&quot;,&quot;nextArrow&quot;:&quot;.jet-posts__next-arrow-d720ac9&quot;,&quot;rtl&quot;:false}\" dir=\"ltr\"><div class=\"jet-posts col-row disable-cols-gap disable-rows-gap jet-equal-cols\"><div class=\"jet-posts__prev-arrow-d720ac9 jet-arrow prev-arrow\"><svg xmlns=\"http:\/\/www.w3.org\/2000\/svg\" xmlns:xlink=\"http:\/\/www.w3.org\/1999\/xlink\" width=\"1080\" viewBox=\"0 0 810 809.999993\" height=\"1080\" preserveAspectRatio=\"xMidYMid meet\"><path stroke-linecap=\"butt\" transform=\"matrix(-12.656249, 0, 0, -12.656249, 809.999963, 809.999979)\" fill=\"none\" stroke-linejoin=\"miter\" d=\"M 63.5 32 C 63.5 32.515432 63.487346 33.030864 63.462037 33.545679 C 63.436729 34.060494 63.398766 34.574383 63.348457 35.087654 C 63.29784 35.600617 63.234568 36.112037 63.158951 36.621914 C 63.083334 37.132099 62.995371 37.639815 62.894753 38.145371 C 62.794136 38.650926 62.681173 39.153704 62.555864 39.654013 C 62.430864 40.154013 62.29321 40.650618 62.143519 41.143828 C 61.993827 41.637346 61.832408 42.126544 61.658642 42.612038 C 61.484877 43.097531 61.299383 43.578396 61.102161 44.05463 C 60.904938 44.530865 60.695988 45.001852 60.475617 45.467902 C 60.255247 45.933951 60.023457 46.394445 59.780556 46.849075 C 59.537346 47.303704 59.283333 47.752161 59.018519 48.194137 C 58.753395 48.636421 58.477778 49.071914 58.191358 49.500309 C 57.904938 49.929013 57.608025 50.35031 57.300926 50.764507 C 56.993827 51.178705 56.676852 51.584877 56.349691 51.983334 C 56.022839 52.381791 55.686111 52.772223 55.339815 53.154013 C 54.993827 53.536112 54.638271 53.90926 54.273765 54.273767 C 53.909259 54.638273 53.536111 54.993828 53.154012 55.339816 C 52.772222 55.686112 52.38179 56.022841 51.983333 56.349693 C 51.584876 56.676853 51.178703 56.993828 50.764506 57.300927 C 50.350308 57.608026 49.929012 57.90494 49.500308 58.191359 C 49.071913 58.477779 48.636419 58.753396 48.194135 59.01852 C 47.75216 59.283335 47.303703 59.537347 46.849073 59.780557 C 46.394444 60.023458 45.93395 60.255248 45.467901 60.475619 C 45.001851 60.695989 44.530863 60.90494 44.054629 61.102162 C 43.578394 61.299384 43.09753 61.484878 42.612036 61.658643 C 42.126542 61.832409 41.637345 61.993829 41.143826 62.14352 C 40.650616 62.293211 40.154011 62.430557 39.654011 62.555866 C 39.153703 62.681174 38.650925 62.794137 38.145369 62.894755 C 37.639814 62.995372 37.132098 63.083335 36.621912 63.158952 C 36.112036 63.234569 35.600616 63.297841 35.087653 63.348458 C 34.574382 63.398767 34.060493 63.43673 33.545678 63.462039 C 33.030863 63.487347 32.515431 63.500002 31.999999 63.500002 C 31.484567 63.500002 30.969134 63.487347 30.45432 63.462039 C 29.939505 63.43673 29.425616 63.398767 28.912344 63.348458 C 28.399381 63.297841 27.887961 63.234569 27.378085 63.158952 C 26.8679 63.083335 26.360184 62.995372 25.854628 62.894755 C 25.349072 62.794137 24.846295 62.681174 24.345986 62.555866 C 23.845986 62.430866 23.349381 62.293211 22.856171 62.14352 C 22.362653 61.993829 21.873455 61.832409 21.387961 61.658643 C 20.902467 61.484878 20.421603 61.299384 19.945368 61.102162 C 19.469134 60.90494 18.998146 60.695989 18.532097 60.475619 C 18.066047 60.255248 17.605553 60.023458 17.150924 59.780557 C 16.696294 59.537347 16.247837 59.283335 15.805862 59.01852 C 15.363578 58.753396 14.928084 58.477779 14.499689 58.191359 C 14.070985 57.90494 13.649689 57.608026 13.235492 57.300927 C 12.821294 56.993828 12.415121 56.676853 12.016664 56.349693 C 11.618208 56.022841 11.227775 55.686112 10.845985 55.339816 C 10.463886 54.993828 10.090738 54.638273 9.726232 54.273767 C 9.361726 53.90926 9.00617 53.536112 8.660183 53.154013 C 8.313886 52.772223 7.977158 52.381791 7.650306 51.983334 C 7.323146 51.584877 7.00617 51.178705 6.699071 50.764507 C 6.391973 50.35031 6.095059 49.929013 5.808639 49.500309 C 5.52222 49.071914 5.246602 48.636421 4.981479 48.194137 C 4.716664 47.752161 4.462343 47.303704 4.219442 46.849075 C 3.97654 46.394445 3.74475 45.933951 3.52438 45.467902 C 3.30401 45.001852 3.095059 44.530865 2.897837 44.05463 C 2.700614 43.578396 2.515121 43.097531 2.341355 42.612038 C 2.16759 42.126544 2.00617 41.637346 1.856479 41.143828 C 1.706787 40.650618 1.569133 40.154013 1.444133 39.654013 C 1.318824 39.153704 1.205861 38.650926 1.105244 38.145371 C 1.004627 37.639815 0.916664 37.132099 0.841046 36.621914 C 0.765429 36.112037 0.702158 35.600617 0.65154 35.087654 C 0.601232 34.574383 0.563269 34.060494 0.53796 33.545679 C 0.512651 33.030864 0.499997 32.515432 0.499997 32 C 0.499997 31.484568 0.512651 30.969136 0.53796 30.454321 C 0.563269 29.939506 0.601232 29.425617 0.65154 28.912345 C 0.702158 28.399383 0.765429 27.887963 0.841046 27.378086 C 0.916664 26.867901 1.004627 26.360185 1.105244 25.854629 C 1.205861 25.349074 1.318824 24.846296 1.444133 24.345987 C 1.569133 23.845987 1.706787 23.349382 1.856479 22.856172 C 2.00617 22.362654 2.16759 21.873456 2.341355 21.387962 C 2.515121 20.902469 2.700614 20.421604 2.897837 19.94537 C 3.095059 19.469135 3.30401 18.998147 3.52438 18.532098 C 3.74475 18.066049 3.97654 17.605555 4.219442 17.150925 C 4.462343 16.696295 4.716664 16.247839 4.981479 15.805863 C 5.246602 15.363579 5.52222 14.928086 5.808639 14.499382 C 6.095059 14.070987 6.391973 13.64969 6.699071 13.235493 C 7.00617 12.821295 7.323146 12.415122 7.650306 12.016666 C 7.977158 11.618209 8.313886 11.227777 8.660183 10.845987 C 9.00617 10.463888 9.361726 10.09074 9.726232 9.726233 C 10.090738 9.361727 10.463886 9.006172 10.845985 8.660184 C 11.227775 8.313888 11.618208 7.977159 12.016664 7.650307 C 12.415121 7.323147 12.821294 7.006172 13.235492 6.699073 C 13.649689 6.391974 14.070985 6.09506 14.499689 5.808641 C 14.928084 5.522221 15.363578 5.246604 15.805862 4.98148 C 16.247837 4.716665 16.696294 4.462344 17.150924 4.219443 C 17.605553 3.976542 18.066047 3.744752 18.532097 3.524381 C 18.998146 3.304011 19.469134 3.09506 19.945368 2.897838 C 20.421603 2.700616 20.902467 2.515122 21.387961 2.341357 C 21.873455 2.167591 22.362653 2.006171 22.856171 1.85648 C 23.349381 1.706789 23.845986 1.569134 24.345986 1.444134 C 24.846295 1.318826 25.349072 1.205863 25.854628 1.105245 C 26.360184 1.004628 26.8679 0.916665 27.378085 0.841048 C 27.887961 0.76543 28.399381 0.702159 28.912344 0.651542 C 29.425616 0.601233 29.939505 0.56327 30.45432 0.537961 C 30.969134 0.512653 31.484567 0.499998 31.999999 0.499998 C 32.515431 0.499998 33.030863 0.512653 33.545678 0.537961 C 34.060493 0.56327 34.574382 0.601233 35.087653 0.651542 C 35.600616 0.702159 36.112036 0.76543 36.621912 0.841048 C 37.132098 0.916665 37.639814 1.004628 38.145369 1.105245 C 38.650925 1.205863 39.153703 1.318826 39.654011 1.444134 C 40.154011 1.569134 40.650616 1.706789 41.143826 1.85648 C 41.637345 2.006171 42.126542 2.167591 42.612036 2.341357 C 43.09753 2.515122 43.578394 2.700616 44.054629 2.897838 C 44.530863 3.09506 45.001851 3.304011 45.467901 3.524381 C 45.93395 3.744752 46.394444 3.976542 46.849073 4.219443 C 47.303703 4.462344 47.75216 4.716665 48.194135 4.98148 C 48.636419 5.246604 49.071913 5.522221 49.500308 5.808641 C 49.929012 6.09506 50.350308 6.391974 50.764506 6.699073 C 51.178703 7.006172 51.584876 7.323147 51.983333 7.650307 C 52.38179 7.977159 52.772222 8.313888 53.154012 8.660184 C 53.536111 9.006172 53.909259 9.361727 54.273765 9.726233 C 54.638271 10.09074 54.993827 10.463888 55.339815 10.845987 C 55.686111 11.227777 56.022839 11.618209 56.349691 12.016666 C 56.676852 12.415122 56.993827 12.821295 57.300926 13.235493 C 57.608025 13.64969 57.904938 14.070987 58.191358 14.499382 C 58.477778 14.928086 58.753395 15.363579 59.018519 15.805863 C 59.283333 16.247839 59.537346 16.696295 59.780556 17.150925 C 60.023457 17.605555 60.255247 18.066049 60.475617 18.532098 C 60.695988 18.998147 60.904938 19.469135 61.102161 19.94537 C 61.299383 20.421604 61.484877 20.902469 61.658642 21.387962 C 61.832408 21.873456 61.993827 22.362654 62.143519 22.856172 C 62.29321 23.349382 62.430556 23.845987 62.555864 24.345987 C 62.681173 24.846296 62.794136 25.349074 62.894753 25.854629 C 62.995371 26.360185 63.083334 26.867901 63.158951 27.378086 C 63.234568 27.887963 63.29784 28.399383 63.348457 28.912345 C 63.398766 29.425617 63.436729 29.939506 63.462037 30.454321 C 63.487346 30.969136 63.5 31.484568 63.5 32 Z M 63.5 32 \" stroke=\"#00abff\" stroke-width=\"1\" stroke-opacity=\"1\" stroke-miterlimit=\"4\"><\/path><path fill=\"#00abff\" d=\"M 405 253.125 L 253.125 405 L 405 556.875 C 379.800781 491.113281 367.195312 440.488281 367.195312 405 C 367.195312 369.511719 379.800781 318.886719 405 253.125 Z M 405 253.125 \" fill-opacity=\"1\" fill-rule=\"evenodd\"><\/path><path fill=\"#00abff\" d=\"M 556.875 423.984375 L 329.0625 423.984375 L 329.0625 386.015625 L 556.875 386.015625 Z M 556.875 423.984375 \" fill-opacity=\"1\" fill-rule=\"evenodd\"><\/path><\/svg><\/div><div class=\"jet-posts__next-arrow-d720ac9 jet-arrow next-arrow\"><svg xmlns=\"http:\/\/www.w3.org\/2000\/svg\" width=\"64\" height=\"64\" viewBox=\"0 0 64 64\"><g fill=\"none\" fill-rule=\"evenodd\"><circle cx=\"32\" cy=\"32\" r=\"31.5\" stroke=\"#00ABFF\"><\/circle><g fill=\"#00ABFF\"><path d=\"m32 44 12-12-12-12c1.991 5.196 2.987 9.196 2.987 12 0 2.804-.996 6.804-2.987 12z\"><\/path><path d=\"M20 30.5h18v3H20z\"><\/path><\/g><\/g><\/svg><\/div><div class=\"jet-posts__item\">\n\t<div class=\"jet-posts__inner-box\"><div class=\"post-thumbnail\"><a href=\"https:\/\/bee2linkgroup.com\/it\/actualites\/comunicati-stampa\/bee2link-group-italia-e-equs-italia-siglano-una-partnership\/\" class=\"post-thumbnail__link\"><img decoding=\"async\" class=\"post-thumbnail__img wp-post-image\" src=\"https:\/\/bee2linkgroup.com\/wp-content\/uploads\/2026\/03\/Article_Tivale_bee2link-Italia_v5.jpg\" alt=\"bee2link group Italia e EQUS Italia siglano una partnership\" loading=\"lazy\" width=\"800\" height=\"455\"><\/a><\/div><div class=\"jet-posts__inner-content\"><h3 class=\"entry-title\"><a href=\"https:\/\/bee2linkgroup.com\/it\/actualites\/comunicati-stampa\/bee2link-group-italia-e-equs-italia-siglano-una-partnership\/\" target=\"\">bee2link group Italia e EQUS Italia siglano una partnership<\/a><\/h3><div class=\"entry-excerpt\">Roma, 20 mar. \u2013 Il valore residuo \u00e8 diventato una delle variabili pi\u00f9 rilevanti del retail automotive italiano. Secondo i&hellip;<\/div><div class=\"jet-more-wrap\"><a href=\"https:\/\/bee2linkgroup.com\/it\/actualites\/comunicati-stampa\/bee2link-group-italia-e-equs-italia-siglano-una-partnership\/\" class=\"btn btn-primary elementor-button elementor-size-md jet-more\" target=\"\"><span class=\"btn__text\">Leggi la notizia<\/span><span class=\"jet-elements-icon jet-more-icon\"><svg xmlns=\"http:\/\/www.w3.org\/2000\/svg\" xmlns:xlink=\"http:\/\/www.w3.org\/1999\/xlink\" width=\"16px\" height=\"16px\" viewBox=\"0 0 16 16\"><title>1AB0CEEE-39F2-4B13-A987-63879D46574F<\/title><g id=\"Contact-&#x1F4F1;&#x1F5A5;&#xFE0F;-&#x1F7E0;\" stroke=\"none\" stroke-width=\"1\" fill=\"none\" fill-rule=\"evenodd\"><g id=\"Contact(mail)_desktop\" transform=\"translate(-259.000000, -1993.000000)\" fill=\"#00ABFF\"><g id=\"\/\/pushs\" transform=\"translate(0.000000, 1741.000000)\"><g id=\"Group\" transform=\"translate(118.000000, 68.000000)\"><g id=\"CTA\/bouton\/border\/txt+arrow\/desktop\" transform=\"translate(0.000000, 168.000000)\"><g id=\"icons\/arrown_right\" transform=\"translate(141.000000, 16.000000)\"><path d=\"M0,12 L8,4 L16,12 C12.5356734,10.6725922 9.86900669,10.0088882 8,10.0088882 C6.13099331,10.0088882 3.46432665,10.6725922 0,12 Z\" id=\"Path\" transform=\"translate(8.000000, 8.000000) scale(1, -1) rotate(-270.000000) translate(-8.000000, -8.000000) \"><\/path><\/g><\/g><\/g><\/g><\/g><\/g><\/svg><\/span><\/a><\/div><\/div><\/div>\n<\/div>\n<div class=\"jet-posts__item\">\n\t<div class=\"jet-posts__inner-box\"><div class=\"post-thumbnail\"><a href=\"https:\/\/bee2linkgroup.com\/it\/actualites\/comunicati-stampa\/automotive-la-tech-company-bee2link-group-italia-nomina-carlo-de-marco-sales-manager\/\" class=\"post-thumbnail__link\"><img decoding=\"async\" class=\"post-thumbnail__img wp-post-image\" src=\"https:\/\/bee2linkgroup.com\/wp-content\/uploads\/2026\/01\/Image1.png\" alt=\"Automotive: la tech company bee2link group Italia nomina Carlo De Marco Sales Manager\" loading=\"lazy\" width=\"419\" height=\"239\"><\/a><\/div><div class=\"jet-posts__inner-content\"><h3 class=\"entry-title\"><a href=\"https:\/\/bee2linkgroup.com\/it\/actualites\/comunicati-stampa\/automotive-la-tech-company-bee2link-group-italia-nomina-carlo-de-marco-sales-manager\/\" target=\"\">Automotive: la tech company bee2link group Italia nomina Carlo De Marco Sales Manager<\/a><\/h3><div class=\"entry-excerpt\">bee2link group Italia annuncia la nomina di\u202fCarlo De\u202fMarco\u202fa\u202fSales<\/div><div class=\"jet-more-wrap\"><a href=\"https:\/\/bee2linkgroup.com\/it\/actualites\/comunicati-stampa\/automotive-la-tech-company-bee2link-group-italia-nomina-carlo-de-marco-sales-manager\/\" class=\"btn btn-primary elementor-button elementor-size-md jet-more\" target=\"\"><span class=\"btn__text\">Leggi la notizia<\/span><span class=\"jet-elements-icon jet-more-icon\"><svg xmlns=\"http:\/\/www.w3.org\/2000\/svg\" xmlns:xlink=\"http:\/\/www.w3.org\/1999\/xlink\" width=\"16px\" height=\"16px\" viewBox=\"0 0 16 16\"><title>1AB0CEEE-39F2-4B13-A987-63879D46574F<\/title><g id=\"Contact-&#x1F4F1;&#x1F5A5;&#xFE0F;-&#x1F7E0;\" stroke=\"none\" stroke-width=\"1\" fill=\"none\" fill-rule=\"evenodd\"><g id=\"Contact(mail)_desktop\" transform=\"translate(-259.000000, -1993.000000)\" fill=\"#00ABFF\"><g id=\"\/\/pushs\" transform=\"translate(0.000000, 1741.000000)\"><g id=\"Group\" transform=\"translate(118.000000, 68.000000)\"><g id=\"CTA\/bouton\/border\/txt+arrow\/desktop\" transform=\"translate(0.000000, 168.000000)\"><g id=\"icons\/arrown_right\" transform=\"translate(141.000000, 16.000000)\"><path d=\"M0,12 L8,4 L16,12 C12.5356734,10.6725922 9.86900669,10.0088882 8,10.0088882 C6.13099331,10.0088882 3.46432665,10.6725922 0,12 Z\" id=\"Path\" transform=\"translate(8.000000, 8.000000) scale(1, -1) rotate(-270.000000) translate(-8.000000, -8.000000) \"><\/path><\/g><\/g><\/g><\/g><\/g><\/g><\/svg><\/span><\/a><\/div><\/div><\/div>\n<\/div>\n<div class=\"jet-posts__item\">\n\t<div class=\"jet-posts__inner-box\"><div class=\"post-thumbnail\"><a href=\"https:\/\/bee2linkgroup.com\/it\/actualites\/comunicati-stampa\/tommaso-carboni-nominato-country-director-di-bee2link-group-italia-per-guidare-crescita-e-innovazione-digitale\/\" class=\"post-thumbnail__link\"><img decoding=\"async\" class=\"post-thumbnail__img wp-post-image\" src=\"https:\/\/bee2linkgroup.com\/wp-content\/uploads\/2025\/09\/Image1.png\" alt=\"Tommaso Carboni nominato Country Director di bee2link group Italia per guidare crescita e innovazione digitale\" loading=\"lazy\" width=\"1281\" height=\"729\"><\/a><\/div><div class=\"jet-posts__inner-content\"><h3 class=\"entry-title\"><a href=\"https:\/\/bee2linkgroup.com\/it\/actualites\/comunicati-stampa\/tommaso-carboni-nominato-country-director-di-bee2link-group-italia-per-guidare-crescita-e-innovazione-digitale\/\" target=\"\">Tommaso Carboni nominato Country Director di bee2link group Italia per guidare crescita e innovazione digitale<\/a><\/h3><div class=\"entry-excerpt\">Tommaso Carboni nominato Country Director di bee2link group Italia<\/div><div class=\"jet-more-wrap\"><a href=\"https:\/\/bee2linkgroup.com\/it\/actualites\/comunicati-stampa\/tommaso-carboni-nominato-country-director-di-bee2link-group-italia-per-guidare-crescita-e-innovazione-digitale\/\" class=\"btn btn-primary elementor-button elementor-size-md jet-more\" target=\"\"><span class=\"btn__text\">Leggi la notizia<\/span><span class=\"jet-elements-icon jet-more-icon\"><svg xmlns=\"http:\/\/www.w3.org\/2000\/svg\" xmlns:xlink=\"http:\/\/www.w3.org\/1999\/xlink\" width=\"16px\" height=\"16px\" viewBox=\"0 0 16 16\"><title>1AB0CEEE-39F2-4B13-A987-63879D46574F<\/title><g id=\"Contact-&#x1F4F1;&#x1F5A5;&#xFE0F;-&#x1F7E0;\" stroke=\"none\" stroke-width=\"1\" fill=\"none\" fill-rule=\"evenodd\"><g id=\"Contact(mail)_desktop\" transform=\"translate(-259.000000, -1993.000000)\" fill=\"#00ABFF\"><g id=\"\/\/pushs\" transform=\"translate(0.000000, 1741.000000)\"><g id=\"Group\" transform=\"translate(118.000000, 68.000000)\"><g id=\"CTA\/bouton\/border\/txt+arrow\/desktop\" transform=\"translate(0.000000, 168.000000)\"><g id=\"icons\/arrown_right\" transform=\"translate(141.000000, 16.000000)\"><path d=\"M0,12 L8,4 L16,12 C12.5356734,10.6725922 9.86900669,10.0088882 8,10.0088882 C6.13099331,10.0088882 3.46432665,10.6725922 0,12 Z\" id=\"Path\" transform=\"translate(8.000000, 8.000000) scale(1, -1) rotate(-270.000000) translate(-8.000000, -8.000000) \"><\/path><\/g><\/g><\/g><\/g><\/g><\/g><\/svg><\/span><\/a><\/div><\/div><\/div>\n<\/div>\n<div class=\"jet-posts__item\">\n\t<div class=\"jet-posts__inner-box\"><div class=\"post-thumbnail\"><a href=\"https:\/\/bee2linkgroup.com\/it\/actualites\/comunicati-stampa\/bee2link-group-acquisisce-strategicamente-la-start-up-carviz-per-rivoluzionare-lispezione-dei-veicoli-grazie-allia\/\" class=\"post-thumbnail__link\"><img decoding=\"async\" class=\"post-thumbnail__img wp-post-image\" src=\"https:\/\/bee2linkgroup.com\/wp-content\/uploads\/2025\/02\/Visuel_Carviz_IT-1.jpg\" alt=\"bee2link group acquisisce strategicamente la start-up carviz per rivoluzionare lispezione dei veicoli grazie allia\" loading=\"lazy\" width=\"1921\" height=\"1081\"><\/a><\/div><div class=\"jet-posts__inner-content\"><h3 class=\"entry-title\"><a href=\"https:\/\/bee2linkgroup.com\/it\/actualites\/comunicati-stampa\/bee2link-group-acquisisce-strategicamente-la-start-up-carviz-per-rivoluzionare-lispezione-dei-veicoli-grazie-allia\/\" target=\"\">bee2link group acquisisce strategicamente la start-up carviz per rivoluzionare lispezione dei veicoli grazie allia<\/a><\/h3><div class=\"entry-excerpt\">bee2link group acquisisce la start-up Carviz.<\/div><div class=\"jet-more-wrap\"><a href=\"https:\/\/bee2linkgroup.com\/it\/actualites\/comunicati-stampa\/bee2link-group-acquisisce-strategicamente-la-start-up-carviz-per-rivoluzionare-lispezione-dei-veicoli-grazie-allia\/\" class=\"btn btn-primary elementor-button elementor-size-md jet-more\" target=\"\"><span class=\"btn__text\">Leggi la notizia<\/span><span class=\"jet-elements-icon jet-more-icon\"><svg xmlns=\"http:\/\/www.w3.org\/2000\/svg\" xmlns:xlink=\"http:\/\/www.w3.org\/1999\/xlink\" width=\"16px\" height=\"16px\" viewBox=\"0 0 16 16\"><title>1AB0CEEE-39F2-4B13-A987-63879D46574F<\/title><g id=\"Contact-&#x1F4F1;&#x1F5A5;&#xFE0F;-&#x1F7E0;\" stroke=\"none\" stroke-width=\"1\" fill=\"none\" fill-rule=\"evenodd\"><g id=\"Contact(mail)_desktop\" transform=\"translate(-259.000000, -1993.000000)\" fill=\"#00ABFF\"><g id=\"\/\/pushs\" transform=\"translate(0.000000, 1741.000000)\"><g id=\"Group\" transform=\"translate(118.000000, 68.000000)\"><g id=\"CTA\/bouton\/border\/txt+arrow\/desktop\" transform=\"translate(0.000000, 168.000000)\"><g id=\"icons\/arrown_right\" transform=\"translate(141.000000, 16.000000)\"><path d=\"M0,12 L8,4 L16,12 C12.5356734,10.6725922 9.86900669,10.0088882 8,10.0088882 C6.13099331,10.0088882 3.46432665,10.6725922 0,12 Z\" id=\"Path\" transform=\"translate(8.000000, 8.000000) scale(1, -1) rotate(-270.000000) translate(-8.000000, -8.000000) \"><\/path><\/g><\/g><\/g><\/g><\/g><\/g><\/svg><\/span><\/a><\/div><\/div><\/div>\n<\/div>\n<div class=\"jet-posts__item\">\n\t<div class=\"jet-posts__inner-box\"><div class=\"post-thumbnail\"><a href=\"https:\/\/bee2linkgroup.com\/it\/actualites\/comunicati-stampa\/bmw-e-mini-france-adottano-le-nostre-soluzioni-digitali-dedicate-allusato-per-una-migliore-esperienza-cliente\/\" class=\"post-thumbnail__link\"><img decoding=\"async\" class=\"post-thumbnail__img wp-post-image\" src=\"https:\/\/bee2linkgroup.com\/wp-content\/uploads\/2024\/06\/BMW-et-Mini-choisissent-Bee2link-pour-leurs-solutions-digitales-lie\u2560ues-aux-ve\u2560uhicules-doccasion.png\" alt=\"BMW e Mini France adottano le nostre soluzioni digitali dedicate all\u2019usato, per una migliore esperienza cliente\" loading=\"lazy\" width=\"961\" height=\"541\"><\/a><\/div><div class=\"jet-posts__inner-content\"><h3 class=\"entry-title\"><a href=\"https:\/\/bee2linkgroup.com\/it\/actualites\/comunicati-stampa\/bmw-e-mini-france-adottano-le-nostre-soluzioni-digitali-dedicate-allusato-per-una-migliore-esperienza-cliente\/\" target=\"\">BMW e Mini France adottano le nostre soluzioni digitali dedicate all\u2019usato, per una migliore esperienza...<\/a><\/h3><div class=\"entry-excerpt\">Scoprite OpenFlex, la soluzione innovativa per ottimizzare la gestione delle auto usate, ora utilizzata da BMW e Mini France.<\/div><div class=\"jet-more-wrap\"><a href=\"https:\/\/bee2linkgroup.com\/it\/actualites\/comunicati-stampa\/bmw-e-mini-france-adottano-le-nostre-soluzioni-digitali-dedicate-allusato-per-una-migliore-esperienza-cliente\/\" class=\"btn btn-primary elementor-button elementor-size-md jet-more\" target=\"\"><span class=\"btn__text\">Leggi la notizia<\/span><span class=\"jet-elements-icon jet-more-icon\"><svg xmlns=\"http:\/\/www.w3.org\/2000\/svg\" xmlns:xlink=\"http:\/\/www.w3.org\/1999\/xlink\" width=\"16px\" height=\"16px\" viewBox=\"0 0 16 16\"><title>1AB0CEEE-39F2-4B13-A987-63879D46574F<\/title><g id=\"Contact-&#x1F4F1;&#x1F5A5;&#xFE0F;-&#x1F7E0;\" stroke=\"none\" stroke-width=\"1\" fill=\"none\" fill-rule=\"evenodd\"><g id=\"Contact(mail)_desktop\" transform=\"translate(-259.000000, -1993.000000)\" fill=\"#00ABFF\"><g id=\"\/\/pushs\" transform=\"translate(0.000000, 1741.000000)\"><g id=\"Group\" transform=\"translate(118.000000, 68.000000)\"><g id=\"CTA\/bouton\/border\/txt+arrow\/desktop\" transform=\"translate(0.000000, 168.000000)\"><g id=\"icons\/arrown_right\" transform=\"translate(141.000000, 16.000000)\"><path d=\"M0,12 L8,4 L16,12 C12.5356734,10.6725922 9.86900669,10.0088882 8,10.0088882 C6.13099331,10.0088882 3.46432665,10.6725922 0,12 Z\" id=\"Path\" transform=\"translate(8.000000, 8.000000) scale(1, -1) rotate(-270.000000) translate(-8.000000, -8.000000) \"><\/path><\/g><\/g><\/g><\/g><\/g><\/g><\/svg><\/span><\/a><\/div><\/div><\/div>\n<\/div>\n<div class=\"jet-posts__item\">\n\t<div class=\"jet-posts__inner-box\"><div class=\"post-thumbnail\"><a href=\"https:\/\/bee2linkgroup.com\/it\/actualites\/comunicati-stampa\/bee2link-group-entra-nel-mercato-delle-due-ruote-e-lancia-la-piattaforma-digitale-openflex-per-i-professionisti-del-settore\/\" class=\"post-thumbnail__link\"><img decoding=\"async\" class=\"post-thumbnail__img wp-post-image\" src=\"https:\/\/bee2linkgroup.com\/wp-content\/uploads\/2024\/02\/OF_Moto-1.jpg\" alt=\"bee2link group entra nel mercato delle due ruote e lancia la piattaforma digitale OpenFlex per i professionisti del settore\" loading=\"lazy\" width=\"1252\" height=\"584\"><\/a><\/div><div class=\"jet-posts__inner-content\"><h3 class=\"entry-title\"><a href=\"https:\/\/bee2linkgroup.com\/it\/actualites\/comunicati-stampa\/bee2link-group-entra-nel-mercato-delle-due-ruote-e-lancia-la-piattaforma-digitale-openflex-per-i-professionisti-del-settore\/\" target=\"\">bee2link group entra nel mercato delle due ruote e lancia la piattaforma digitale OpenFlex per...<\/a><\/h3><div class=\"entry-excerpt\">bee2link estende OpenFlex al mercato delle due ruote con una soluzione completa per i percorsi di acquisto\/vendita di usato.<\/div><div class=\"jet-more-wrap\"><a href=\"https:\/\/bee2linkgroup.com\/it\/actualites\/comunicati-stampa\/bee2link-group-entra-nel-mercato-delle-due-ruote-e-lancia-la-piattaforma-digitale-openflex-per-i-professionisti-del-settore\/\" class=\"btn btn-primary elementor-button elementor-size-md jet-more\" target=\"\"><span class=\"btn__text\">Leggi la notizia<\/span><span class=\"jet-elements-icon jet-more-icon\"><svg xmlns=\"http:\/\/www.w3.org\/2000\/svg\" xmlns:xlink=\"http:\/\/www.w3.org\/1999\/xlink\" width=\"16px\" height=\"16px\" viewBox=\"0 0 16 16\"><title>1AB0CEEE-39F2-4B13-A987-63879D46574F<\/title><g id=\"Contact-&#x1F4F1;&#x1F5A5;&#xFE0F;-&#x1F7E0;\" stroke=\"none\" stroke-width=\"1\" fill=\"none\" fill-rule=\"evenodd\"><g id=\"Contact(mail)_desktop\" transform=\"translate(-259.000000, -1993.000000)\" fill=\"#00ABFF\"><g id=\"\/\/pushs\" transform=\"translate(0.000000, 1741.000000)\"><g id=\"Group\" transform=\"translate(118.000000, 68.000000)\"><g id=\"CTA\/bouton\/border\/txt+arrow\/desktop\" transform=\"translate(0.000000, 168.000000)\"><g id=\"icons\/arrown_right\" transform=\"translate(141.000000, 16.000000)\"><path d=\"M0,12 L8,4 L16,12 C12.5356734,10.6725922 9.86900669,10.0088882 8,10.0088882 C6.13099331,10.0088882 3.46432665,10.6725922 0,12 Z\" id=\"Path\" transform=\"translate(8.000000, 8.000000) scale(1, -1) rotate(-270.000000) translate(-8.000000, -8.000000) \"><\/path><\/g><\/g><\/g><\/g><\/g><\/g><\/svg><\/span><\/a><\/div><\/div><\/div>\n<\/div>\n<div class=\"jet-posts__item\">\n\t<div class=\"jet-posts__inner-box\"><div class=\"post-thumbnail\"><a href=\"https:\/\/bee2linkgroup.com\/it\/actualites\/comunicati-stampa\/bee2link-group-firma-un-accordo-di-partnership-esclusiva-con-hyundai-motor-france-nellambito-del-suo-programma-usato-hyundai-promise\/\" class=\"post-thumbnail__link\"><img decoding=\"async\" class=\"post-thumbnail__img wp-post-image\" src=\"https:\/\/bee2linkgroup.com\/wp-content\/uploads\/2023\/11\/2023.10.04-bee2link__Hyundai-promise-1252x584-1.png\" alt=\"bee2link group firma un accordo di partnership esclusiva con Hyundai Motor France nell\u2019ambito del suo programma usato Hyundai Promise.\" loading=\"lazy\" width=\"1252\" height=\"584\"><\/a><\/div><div class=\"jet-posts__inner-content\"><h3 class=\"entry-title\"><a href=\"https:\/\/bee2linkgroup.com\/it\/actualites\/comunicati-stampa\/bee2link-group-firma-un-accordo-di-partnership-esclusiva-con-hyundai-motor-france-nellambito-del-suo-programma-usato-hyundai-promise\/\" target=\"\">bee2link group firma un accordo di partnership esclusiva con Hyundai Motor France nell\u2019ambito del suo...<\/a><\/h3><div class=\"entry-excerpt\">Scoprite OpenFlex, la soluzione esclusiva di bee2link in partnership con Hyundai Motor France per ottimizzare la vostra attivit\u00e0 di usato.<\/div><div class=\"jet-more-wrap\"><a href=\"https:\/\/bee2linkgroup.com\/it\/actualites\/comunicati-stampa\/bee2link-group-firma-un-accordo-di-partnership-esclusiva-con-hyundai-motor-france-nellambito-del-suo-programma-usato-hyundai-promise\/\" class=\"btn btn-primary elementor-button elementor-size-md jet-more\" target=\"\"><span class=\"btn__text\">Leggi la notizia<\/span><span class=\"jet-elements-icon jet-more-icon\"><svg xmlns=\"http:\/\/www.w3.org\/2000\/svg\" xmlns:xlink=\"http:\/\/www.w3.org\/1999\/xlink\" width=\"16px\" height=\"16px\" viewBox=\"0 0 16 16\"><title>1AB0CEEE-39F2-4B13-A987-63879D46574F<\/title><g id=\"Contact-&#x1F4F1;&#x1F5A5;&#xFE0F;-&#x1F7E0;\" stroke=\"none\" stroke-width=\"1\" fill=\"none\" fill-rule=\"evenodd\"><g id=\"Contact(mail)_desktop\" transform=\"translate(-259.000000, -1993.000000)\" fill=\"#00ABFF\"><g id=\"\/\/pushs\" transform=\"translate(0.000000, 1741.000000)\"><g id=\"Group\" transform=\"translate(118.000000, 68.000000)\"><g id=\"CTA\/bouton\/border\/txt+arrow\/desktop\" transform=\"translate(0.000000, 168.000000)\"><g id=\"icons\/arrown_right\" transform=\"translate(141.000000, 16.000000)\"><path d=\"M0,12 L8,4 L16,12 C12.5356734,10.6725922 9.86900669,10.0088882 8,10.0088882 C6.13099331,10.0088882 3.46432665,10.6725922 0,12 Z\" id=\"Path\" transform=\"translate(8.000000, 8.000000) scale(1, -1) rotate(-270.000000) translate(-8.000000, -8.000000) \"><\/path><\/g><\/g><\/g><\/g><\/g><\/g><\/svg><\/span><\/a><\/div><\/div><\/div>\n<\/div>\n<div class=\"jet-posts__item\">\n\t<div class=\"jet-posts__inner-box\"><div class=\"post-thumbnail\"><a href=\"https:\/\/bee2linkgroup.com\/it\/actualites\/comunicati-stampa\/bee2link-group-rafforza-la-sua-strategia-di-partnership-e-sigla-tre-nuove-collaborazioni-tecnologiche-con-carcutter-phyron-e-tabletcar\/\" class=\"post-thumbnail__link\"><img decoding=\"async\" class=\"post-thumbnail__img wp-post-image\" src=\"https:\/\/bee2linkgroup.com\/wp-content\/uploads\/2023\/11\/2023.10.03_bee2link_Communique-de-presse_Partenariats-CarCutter-Phyron-TABLETCAR_visuel-1252x584-1.png\" alt=\"bee2link group rafforza la sua strategia di partnership e sigla tre nuove collaborazioni tecnologiche con CarCutter, Phyron e TABLETCAR\" loading=\"lazy\" width=\"1252\" height=\"584\"><\/a><\/div><div class=\"jet-posts__inner-content\"><h3 class=\"entry-title\"><a href=\"https:\/\/bee2linkgroup.com\/it\/actualites\/comunicati-stampa\/bee2link-group-rafforza-la-sua-strategia-di-partnership-e-sigla-tre-nuove-collaborazioni-tecnologiche-con-carcutter-phyron-e-tabletcar\/\" target=\"\">bee2link group rafforza la sua strategia di partnership e sigla tre nuove collaborazioni tecnologiche con...<\/a><\/h3><div class=\"entry-excerpt\">bee2link sigla 3 nuove partnership tecnologiche con CarCutter, Phyron e TABLETCAR per migliorare OpenFlex.<\/div><div class=\"jet-more-wrap\"><a href=\"https:\/\/bee2linkgroup.com\/it\/actualites\/comunicati-stampa\/bee2link-group-rafforza-la-sua-strategia-di-partnership-e-sigla-tre-nuove-collaborazioni-tecnologiche-con-carcutter-phyron-e-tabletcar\/\" class=\"btn btn-primary elementor-button elementor-size-md jet-more\" target=\"\"><span class=\"btn__text\">Leggi la notizia<\/span><span class=\"jet-elements-icon jet-more-icon\"><svg xmlns=\"http:\/\/www.w3.org\/2000\/svg\" xmlns:xlink=\"http:\/\/www.w3.org\/1999\/xlink\" width=\"16px\" height=\"16px\" viewBox=\"0 0 16 16\"><title>1AB0CEEE-39F2-4B13-A987-63879D46574F<\/title><g id=\"Contact-&#x1F4F1;&#x1F5A5;&#xFE0F;-&#x1F7E0;\" stroke=\"none\" stroke-width=\"1\" fill=\"none\" fill-rule=\"evenodd\"><g id=\"Contact(mail)_desktop\" transform=\"translate(-259.000000, -1993.000000)\" fill=\"#00ABFF\"><g id=\"\/\/pushs\" transform=\"translate(0.000000, 1741.000000)\"><g id=\"Group\" transform=\"translate(118.000000, 68.000000)\"><g id=\"CTA\/bouton\/border\/txt+arrow\/desktop\" transform=\"translate(0.000000, 168.000000)\"><g id=\"icons\/arrown_right\" transform=\"translate(141.000000, 16.000000)\"><path d=\"M0,12 L8,4 L16,12 C12.5356734,10.6725922 9.86900669,10.0088882 8,10.0088882 C6.13099331,10.0088882 3.46432665,10.6725922 0,12 Z\" id=\"Path\" transform=\"translate(8.000000, 8.000000) scale(1, -1) rotate(-270.000000) translate(-8.000000, -8.000000) \"><\/path><\/g><\/g><\/g><\/g><\/g><\/g><\/svg><\/span><\/a><\/div><\/div><\/div>\n<\/div>\n<div class=\"jet-posts__item\">\n\t<div class=\"jet-posts__inner-box\"><div class=\"post-thumbnail\"><a href=\"https:\/\/bee2linkgroup.com\/it\/actualites\/comunicati-stampa\/maprochaineauto-os-e-arricchito-di-funzionalita-crm-e-integrato-nella-piattaforma-openflex-del-gruppo-bee2link\/\" class=\"post-thumbnail__link\"><img decoding=\"async\" class=\"post-thumbnail__img wp-post-image\" src=\"https:\/\/bee2linkgroup.com\/wp-content\/uploads\/2023\/11\/20220504_Neuralytics_visuel-maprochaineauto.OS_Final-1252x584-1.jpg\" alt=\"maprochaineauto.OS \u00e8 arricchito di funzionalit\u00e0 CRM e integrato nella piattaforma OpenFlex del gruppo bee2link\" loading=\"lazy\" width=\"1252\" height=\"584\"><\/a><\/div><div class=\"jet-posts__inner-content\"><h3 class=\"entry-title\"><a href=\"https:\/\/bee2linkgroup.com\/it\/actualites\/comunicati-stampa\/maprochaineauto-os-e-arricchito-di-funzionalita-crm-e-integrato-nella-piattaforma-openflex-del-gruppo-bee2link\/\" target=\"\">maprochaineauto.OS \u00e8 arricchito di funzionalit\u00e0 CRM e integrato nella piattaforma OpenFlex del gruppo bee2link<\/a><\/h3><div class=\"entry-excerpt\">Gestite i vostri clienti con maprochaineauto.OS, integrato a OpenFlex di bee2link.<\/div><div class=\"jet-more-wrap\"><a href=\"https:\/\/bee2linkgroup.com\/it\/actualites\/comunicati-stampa\/maprochaineauto-os-e-arricchito-di-funzionalita-crm-e-integrato-nella-piattaforma-openflex-del-gruppo-bee2link\/\" class=\"btn btn-primary elementor-button elementor-size-md jet-more\" target=\"\"><span class=\"btn__text\">Leggi la notizia<\/span><span class=\"jet-elements-icon jet-more-icon\"><svg xmlns=\"http:\/\/www.w3.org\/2000\/svg\" xmlns:xlink=\"http:\/\/www.w3.org\/1999\/xlink\" width=\"16px\" height=\"16px\" viewBox=\"0 0 16 16\"><title>1AB0CEEE-39F2-4B13-A987-63879D46574F<\/title><g id=\"Contact-&#x1F4F1;&#x1F5A5;&#xFE0F;-&#x1F7E0;\" stroke=\"none\" stroke-width=\"1\" fill=\"none\" fill-rule=\"evenodd\"><g id=\"Contact(mail)_desktop\" transform=\"translate(-259.000000, -1993.000000)\" fill=\"#00ABFF\"><g id=\"\/\/pushs\" transform=\"translate(0.000000, 1741.000000)\"><g id=\"Group\" transform=\"translate(118.000000, 68.000000)\"><g id=\"CTA\/bouton\/border\/txt+arrow\/desktop\" transform=\"translate(0.000000, 168.000000)\"><g id=\"icons\/arrown_right\" transform=\"translate(141.000000, 16.000000)\"><path d=\"M0,12 L8,4 L16,12 C12.5356734,10.6725922 9.86900669,10.0088882 8,10.0088882 C6.13099331,10.0088882 3.46432665,10.6725922 0,12 Z\" id=\"Path\" transform=\"translate(8.000000, 8.000000) scale(1, -1) rotate(-270.000000) translate(-8.000000, -8.000000) \"><\/path><\/g><\/g><\/g><\/g><\/g><\/g><\/svg><\/span><\/a><\/div><\/div><\/div>\n<\/div>\n<div class=\"jet-posts__item\">\n\t<div class=\"jet-posts__inner-box\"><div class=\"post-thumbnail\"><a href=\"https:\/\/bee2linkgroup.com\/it\/actualites\/comunicati-stampa\/bee2link-group-nuovo-partner-di-mercedes-benz-france-per-il-suo-label-auto-usate-mercedes-benz-certified\/\" class=\"post-thumbnail__link\"><img decoding=\"async\" class=\"post-thumbnail__img wp-post-image\" src=\"https:\/\/bee2linkgroup.com\/wp-content\/uploads\/2023\/11\/Mercedes-Benz-Certified_noir_2.jpg\" alt=\"bee2link group, nuovo partner di Mercedes-Benz France per il suo label auto usate, Mercedes-Benz Certified\" loading=\"lazy\" width=\"1252\" height=\"584\"><\/a><\/div><div class=\"jet-posts__inner-content\"><h3 class=\"entry-title\"><a href=\"https:\/\/bee2linkgroup.com\/it\/actualites\/comunicati-stampa\/bee2link-group-nuovo-partner-di-mercedes-benz-france-per-il-suo-label-auto-usate-mercedes-benz-certified\/\" target=\"\">bee2link group, nuovo partner di Mercedes-Benz France per il suo label auto usate, Mercedes-Benz Certified<\/a><\/h3><div class=\"entry-excerpt\">bee2link scelta da Mercedes-Benz: 'Pack Auto Usate' referenziato presso 230 punti vendita Mercedes-Benz Certified.<\/div><div class=\"jet-more-wrap\"><a href=\"https:\/\/bee2linkgroup.com\/it\/actualites\/comunicati-stampa\/bee2link-group-nuovo-partner-di-mercedes-benz-france-per-il-suo-label-auto-usate-mercedes-benz-certified\/\" class=\"btn btn-primary elementor-button elementor-size-md jet-more\" target=\"\"><span class=\"btn__text\">Leggi la notizia<\/span><span class=\"jet-elements-icon jet-more-icon\"><svg xmlns=\"http:\/\/www.w3.org\/2000\/svg\" xmlns:xlink=\"http:\/\/www.w3.org\/1999\/xlink\" width=\"16px\" height=\"16px\" viewBox=\"0 0 16 16\"><title>1AB0CEEE-39F2-4B13-A987-63879D46574F<\/title><g id=\"Contact-&#x1F4F1;&#x1F5A5;&#xFE0F;-&#x1F7E0;\" stroke=\"none\" stroke-width=\"1\" fill=\"none\" fill-rule=\"evenodd\"><g id=\"Contact(mail)_desktop\" transform=\"translate(-259.000000, -1993.000000)\" fill=\"#00ABFF\"><g id=\"\/\/pushs\" transform=\"translate(0.000000, 1741.000000)\"><g id=\"Group\" transform=\"translate(118.000000, 68.000000)\"><g id=\"CTA\/bouton\/border\/txt+arrow\/desktop\" transform=\"translate(0.000000, 168.000000)\"><g id=\"icons\/arrown_right\" transform=\"translate(141.000000, 16.000000)\"><path d=\"M0,12 L8,4 L16,12 C12.5356734,10.6725922 9.86900669,10.0088882 8,10.0088882 C6.13099331,10.0088882 3.46432665,10.6725922 0,12 Z\" id=\"Path\" transform=\"translate(8.000000, 8.000000) scale(1, -1) rotate(-270.000000) translate(-8.000000, -8.000000) \"><\/path><\/g><\/g><\/g><\/g><\/g><\/g><\/svg><\/span><\/a><\/div><\/div><\/div>\n<\/div>\n<div class=\"jet-posts__item\">\n\t<div class=\"jet-posts__inner-box\"><div class=\"post-thumbnail\"><a href=\"https:\/\/bee2linkgroup.com\/it\/actualites\/comunicati-stampa\/bee2link-group-nuovo-partner-di-volvo-car-france-per-il-suo-label-auto-usate-volvo-selekt\/\" class=\"post-thumbnail__link\"><img decoding=\"async\" class=\"post-thumbnail__img wp-post-image\" src=\"https:\/\/bee2linkgroup.com\/wp-content\/uploads\/2023\/11\/Volvo-selekt.jpg\" alt=\"bee2link group, nuovo partner di Volvo Car France per il suo label auto usate, Volvo Selekt\" loading=\"lazy\" width=\"1252\" height=\"584\"><\/a><\/div><div class=\"jet-posts__inner-content\"><h3 class=\"entry-title\"><a href=\"https:\/\/bee2linkgroup.com\/it\/actualites\/comunicati-stampa\/bee2link-group-nuovo-partner-di-volvo-car-france-per-il-suo-label-auto-usate-volvo-selekt\/\" target=\"\">bee2link group, nuovo partner di Volvo Car France per il suo label auto usate, Volvo...<\/a><\/h3><div class=\"entry-excerpt\">bee2link certificata e referenziata da Volvo Car France per il label Volvo Selekt.<\/div><div class=\"jet-more-wrap\"><a href=\"https:\/\/bee2linkgroup.com\/it\/actualites\/comunicati-stampa\/bee2link-group-nuovo-partner-di-volvo-car-france-per-il-suo-label-auto-usate-volvo-selekt\/\" class=\"btn btn-primary elementor-button elementor-size-md jet-more\" target=\"\"><span class=\"btn__text\">Leggi la notizia<\/span><span class=\"jet-elements-icon jet-more-icon\"><svg xmlns=\"http:\/\/www.w3.org\/2000\/svg\" xmlns:xlink=\"http:\/\/www.w3.org\/1999\/xlink\" width=\"16px\" height=\"16px\" viewBox=\"0 0 16 16\"><title>1AB0CEEE-39F2-4B13-A987-63879D46574F<\/title><g id=\"Contact-&#x1F4F1;&#x1F5A5;&#xFE0F;-&#x1F7E0;\" stroke=\"none\" stroke-width=\"1\" fill=\"none\" fill-rule=\"evenodd\"><g id=\"Contact(mail)_desktop\" transform=\"translate(-259.000000, -1993.000000)\" fill=\"#00ABFF\"><g id=\"\/\/pushs\" transform=\"translate(0.000000, 1741.000000)\"><g id=\"Group\" transform=\"translate(118.000000, 68.000000)\"><g id=\"CTA\/bouton\/border\/txt+arrow\/desktop\" transform=\"translate(0.000000, 168.000000)\"><g id=\"icons\/arrown_right\" transform=\"translate(141.000000, 16.000000)\"><path d=\"M0,12 L8,4 L16,12 C12.5356734,10.6725922 9.86900669,10.0088882 8,10.0088882 C6.13099331,10.0088882 3.46432665,10.6725922 0,12 Z\" id=\"Path\" transform=\"translate(8.000000, 8.000000) scale(1, -1) rotate(-270.000000) translate(-8.000000, -8.000000) \"><\/path><\/g><\/g><\/g><\/g><\/g><\/g><\/svg><\/span><\/a><\/div><\/div><\/div>\n<\/div>\n<div class=\"jet-posts__item\">\n\t<div class=\"jet-posts__inner-box\"><div class=\"post-thumbnail\"><a href=\"https:\/\/bee2linkgroup.com\/it\/actualites\/comunicati-stampa\/bee2link-group-si-avvicina-a-cosmobilis\/\" class=\"post-thumbnail__link\"><img decoding=\"async\" class=\"post-thumbnail__img wp-post-image\" src=\"https:\/\/bee2linkgroup.com\/wp-content\/uploads\/2023\/11\/000256337_600x400_c-1.jpg\" alt=\"bee2link group si avvicina a COSMOBILIS\" loading=\"lazy\" width=\"1252\" height=\"584\"><\/a><\/div><div class=\"jet-posts__inner-content\"><h3 class=\"entry-title\"><a href=\"https:\/\/bee2linkgroup.com\/it\/actualites\/comunicati-stampa\/bee2link-group-si-avvicina-a-cosmobilis\/\" target=\"\">bee2link group si avvicina a COSMOBILIS<\/a><\/h3><div class=\"entry-excerpt\">Avvicinamento COSMOBILIS-bee2link rivelato al Salone dell'Auto 2022.<\/div><div class=\"jet-more-wrap\"><a href=\"https:\/\/bee2linkgroup.com\/it\/actualites\/comunicati-stampa\/bee2link-group-si-avvicina-a-cosmobilis\/\" class=\"btn btn-primary elementor-button elementor-size-md jet-more\" target=\"\"><span class=\"btn__text\">Leggi la notizia<\/span><span class=\"jet-elements-icon jet-more-icon\"><svg xmlns=\"http:\/\/www.w3.org\/2000\/svg\" xmlns:xlink=\"http:\/\/www.w3.org\/1999\/xlink\" width=\"16px\" height=\"16px\" viewBox=\"0 0 16 16\"><title>1AB0CEEE-39F2-4B13-A987-63879D46574F<\/title><g id=\"Contact-&#x1F4F1;&#x1F5A5;&#xFE0F;-&#x1F7E0;\" stroke=\"none\" stroke-width=\"1\" fill=\"none\" fill-rule=\"evenodd\"><g id=\"Contact(mail)_desktop\" transform=\"translate(-259.000000, -1993.000000)\" fill=\"#00ABFF\"><g id=\"\/\/pushs\" transform=\"translate(0.000000, 1741.000000)\"><g id=\"Group\" transform=\"translate(118.000000, 68.000000)\"><g id=\"CTA\/bouton\/border\/txt+arrow\/desktop\" transform=\"translate(0.000000, 168.000000)\"><g id=\"icons\/arrown_right\" transform=\"translate(141.000000, 16.000000)\"><path d=\"M0,12 L8,4 L16,12 C12.5356734,10.6725922 9.86900669,10.0088882 8,10.0088882 C6.13099331,10.0088882 3.46432665,10.6725922 0,12 Z\" id=\"Path\" transform=\"translate(8.000000, 8.000000) scale(1, -1) rotate(-270.000000) translate(-8.000000, -8.000000) \"><\/path><\/g><\/g><\/g><\/g><\/g><\/g><\/svg><\/span><\/a><\/div><\/div><\/div>\n<\/div>\n<\/div>\n<\/div><\/div>\t\t\t\t<\/div>\n\t\t\t\t<\/div>\n\t\t\t\t\t<\/div>\n\t\t<\/div>\n\t\t\t\t\t<\/div>\n\t\t<\/section>\n\t\t\t\t<\/div>\n\t\t\t\t<\/div>\n\t\t\t\t\t\t<\/div>\n\t\t\t\t<\/div>\n\t\t\t\t\t<\/div>\n\t\t<\/div>\n\t\t\t\t\t<\/div>\n\t\t<\/section>\n\t\t\t\t<\/div>\n\t\t","protected":false},"excerpt":{"rendered":"<p>Tommaso Carboni nominato Country Director di bee2link group Italia<\/p>\n","protected":false},"author":5,"featured_media":348129,"comment_status":"closed","ping_status":"closed","sticky":false,"template":"","format":"standard","meta":{"_acf_changed":false,"content-type":"","footnotes":""},"categories":[72],"tags":[],"class_list":["post-348126","post","type-post","status-publish","format-standard","has-post-thumbnail","hentry","category-comunicati-stampa"],"acf":[],"yoast_head":"<!-- This site is optimized with the Yoast SEO plugin v27.5 - https:\/\/yoast.com\/product\/yoast-seo-wordpress\/ -->\n<title>Tommaso Carboni nominato Country Director di bee2link group Italia<\/title>\n<meta name=\"description\" content=\"Grazie alla sua innovativa applicazione mobile, Carviz offre ispezioni dei veicoli guidate in tempo reale, rapide, affidabili e standardizzate.\" \/>\n<meta name=\"robots\" content=\"index, follow, max-snippet:-1, max-image-preview:large, max-video-preview:-1\" \/>\n<link rel=\"canonical\" href=\"https:\/\/bee2linkgroup.com\/it\/actualites\/comunicati-stampa\/tommaso-carboni-nominato-country-director-di-bee2link-group-italia-per-guidare-crescita-e-innovazione-digitale\/\" \/>\n<meta property=\"og:locale\" content=\"it_IT\" \/>\n<meta property=\"og:type\" content=\"article\" \/>\n<meta property=\"og:title\" content=\"Tommaso Carboni nominato Country Director di bee2link group Italia\" \/>\n<meta property=\"og:description\" content=\"Grazie alla sua innovativa applicazione mobile, Carviz offre ispezioni dei veicoli guidate in tempo reale, rapide, affidabili e standardizzate.\" \/>\n<meta property=\"og:url\" content=\"https:\/\/bee2linkgroup.com\/it\/actualites\/comunicati-stampa\/tommaso-carboni-nominato-country-director-di-bee2link-group-italia-per-guidare-crescita-e-innovazione-digitale\/\" \/>\n<meta property=\"og:site_name\" content=\"bee2link group\" \/>\n<meta property=\"article:published_time\" content=\"2025-10-06T09:00:02+00:00\" \/>\n<meta property=\"article:modified_time\" content=\"2025-10-06T11:48:00+00:00\" \/>\n<meta property=\"og:image\" content=\"https:\/\/bee2linkgroup.com\/wp-content\/uploads\/2025\/09\/Image1.png\" \/>\n\t<meta property=\"og:image:width\" content=\"1281\" \/>\n\t<meta property=\"og:image:height\" content=\"729\" \/>\n\t<meta property=\"og:image:type\" content=\"image\/png\" \/>\n<meta name=\"author\" content=\"wassime\" \/>\n<meta name=\"twitter:card\" content=\"summary_large_image\" \/>\n<meta name=\"twitter:label1\" content=\"Scritto da\" \/>\n\t<meta name=\"twitter:data1\" content=\"wassime\" \/>\n\t<meta name=\"twitter:label2\" content=\"Tempo di lettura stimato\" \/>\n\t<meta name=\"twitter:data2\" content=\"18 minuti\" \/>\n<script type=\"application\/ld+json\" class=\"yoast-schema-graph\">{\"@context\":\"https:\\\/\\\/schema.org\",\"@graph\":[{\"@type\":\"Article\",\"@id\":\"https:\\\/\\\/bee2linkgroup.com\\\/it\\\/actualites\\\/comunicati-stampa\\\/tommaso-carboni-nominato-country-director-di-bee2link-group-italia-per-guidare-crescita-e-innovazione-digitale\\\/#article\",\"isPartOf\":{\"@id\":\"https:\\\/\\\/bee2linkgroup.com\\\/it\\\/actualites\\\/comunicati-stampa\\\/tommaso-carboni-nominato-country-director-di-bee2link-group-italia-per-guidare-crescita-e-innovazione-digitale\\\/\"},\"author\":{\"name\":\"wassime\",\"@id\":\"https:\\\/\\\/bee2linkgroup.com\\\/it\\\/#\\\/schema\\\/person\\\/c50ee81f18873700e86fea7adf3c3434\"},\"headline\":\"Tommaso Carboni nominato Country Director di bee2link group Italia per guidare crescita e innovazione digitale\",\"datePublished\":\"2025-10-06T09:00:02+00:00\",\"dateModified\":\"2025-10-06T11:48:00+00:00\",\"mainEntityOfPage\":{\"@id\":\"https:\\\/\\\/bee2linkgroup.com\\\/it\\\/actualites\\\/comunicati-stampa\\\/tommaso-carboni-nominato-country-director-di-bee2link-group-italia-per-guidare-crescita-e-innovazione-digitale\\\/\"},\"wordCount\":723,\"image\":{\"@id\":\"https:\\\/\\\/bee2linkgroup.com\\\/it\\\/actualites\\\/comunicati-stampa\\\/tommaso-carboni-nominato-country-director-di-bee2link-group-italia-per-guidare-crescita-e-innovazione-digitale\\\/#primaryimage\"},\"thumbnailUrl\":\"https:\\\/\\\/bee2linkgroup.com\\\/wp-content\\\/uploads\\\/2025\\\/09\\\/Image1.png\",\"articleSection\":[\"Comunicati stampa\"],\"inLanguage\":\"it-IT\"},{\"@type\":\"WebPage\",\"@id\":\"https:\\\/\\\/bee2linkgroup.com\\\/it\\\/actualites\\\/comunicati-stampa\\\/tommaso-carboni-nominato-country-director-di-bee2link-group-italia-per-guidare-crescita-e-innovazione-digitale\\\/\",\"url\":\"https:\\\/\\\/bee2linkgroup.com\\\/it\\\/actualites\\\/comunicati-stampa\\\/tommaso-carboni-nominato-country-director-di-bee2link-group-italia-per-guidare-crescita-e-innovazione-digitale\\\/\",\"name\":\"Tommaso Carboni nominato Country Director di bee2link group Italia\",\"isPartOf\":{\"@id\":\"https:\\\/\\\/bee2linkgroup.com\\\/it\\\/#website\"},\"primaryImageOfPage\":{\"@id\":\"https:\\\/\\\/bee2linkgroup.com\\\/it\\\/actualites\\\/comunicati-stampa\\\/tommaso-carboni-nominato-country-director-di-bee2link-group-italia-per-guidare-crescita-e-innovazione-digitale\\\/#primaryimage\"},\"image\":{\"@id\":\"https:\\\/\\\/bee2linkgroup.com\\\/it\\\/actualites\\\/comunicati-stampa\\\/tommaso-carboni-nominato-country-director-di-bee2link-group-italia-per-guidare-crescita-e-innovazione-digitale\\\/#primaryimage\"},\"thumbnailUrl\":\"https:\\\/\\\/bee2linkgroup.com\\\/wp-content\\\/uploads\\\/2025\\\/09\\\/Image1.png\",\"datePublished\":\"2025-10-06T09:00:02+00:00\",\"dateModified\":\"2025-10-06T11:48:00+00:00\",\"author\":{\"@id\":\"https:\\\/\\\/bee2linkgroup.com\\\/it\\\/#\\\/schema\\\/person\\\/c50ee81f18873700e86fea7adf3c3434\"},\"description\":\"Grazie alla sua innovativa applicazione mobile, Carviz offre ispezioni dei veicoli guidate in tempo reale, rapide, affidabili e standardizzate.\",\"breadcrumb\":{\"@id\":\"https:\\\/\\\/bee2linkgroup.com\\\/it\\\/actualites\\\/comunicati-stampa\\\/tommaso-carboni-nominato-country-director-di-bee2link-group-italia-per-guidare-crescita-e-innovazione-digitale\\\/#breadcrumb\"},\"inLanguage\":\"it-IT\",\"potentialAction\":[{\"@type\":\"ReadAction\",\"target\":[\"https:\\\/\\\/bee2linkgroup.com\\\/it\\\/actualites\\\/comunicati-stampa\\\/tommaso-carboni-nominato-country-director-di-bee2link-group-italia-per-guidare-crescita-e-innovazione-digitale\\\/\"]}]},{\"@type\":\"ImageObject\",\"inLanguage\":\"it-IT\",\"@id\":\"https:\\\/\\\/bee2linkgroup.com\\\/it\\\/actualites\\\/comunicati-stampa\\\/tommaso-carboni-nominato-country-director-di-bee2link-group-italia-per-guidare-crescita-e-innovazione-digitale\\\/#primaryimage\",\"url\":\"https:\\\/\\\/bee2linkgroup.com\\\/wp-content\\\/uploads\\\/2025\\\/09\\\/Image1.png\",\"contentUrl\":\"https:\\\/\\\/bee2linkgroup.com\\\/wp-content\\\/uploads\\\/2025\\\/09\\\/Image1.png\",\"width\":1281,\"height\":729},{\"@type\":\"BreadcrumbList\",\"@id\":\"https:\\\/\\\/bee2linkgroup.com\\\/it\\\/actualites\\\/comunicati-stampa\\\/tommaso-carboni-nominato-country-director-di-bee2link-group-italia-per-guidare-crescita-e-innovazione-digitale\\\/#breadcrumb\",\"itemListElement\":[{\"@type\":\"ListItem\",\"position\":1,\"name\":\"Accueil\",\"item\":\"https:\\\/\\\/bee2linkgroup.com\\\/it\\\/\"},{\"@type\":\"ListItem\",\"position\":2,\"name\":\"Tommaso Carboni nominato Country Director di bee2link group Italia per guidare crescita e innovazione digitale\"}]},{\"@type\":\"WebSite\",\"@id\":\"https:\\\/\\\/bee2linkgroup.com\\\/it\\\/#website\",\"url\":\"https:\\\/\\\/bee2linkgroup.com\\\/it\\\/\",\"name\":\"bee2link group\",\"description\":\"Le partenaire de votre futur.\",\"potentialAction\":[{\"@type\":\"SearchAction\",\"target\":{\"@type\":\"EntryPoint\",\"urlTemplate\":\"https:\\\/\\\/bee2linkgroup.com\\\/it\\\/?s={search_term_string}\"},\"query-input\":{\"@type\":\"PropertyValueSpecification\",\"valueRequired\":true,\"valueName\":\"search_term_string\"}}],\"inLanguage\":\"it-IT\"},{\"@type\":\"Person\",\"@id\":\"https:\\\/\\\/bee2linkgroup.com\\\/it\\\/#\\\/schema\\\/person\\\/c50ee81f18873700e86fea7adf3c3434\",\"name\":\"wassime\",\"image\":{\"@type\":\"ImageObject\",\"inLanguage\":\"it-IT\",\"@id\":\"https:\\\/\\\/secure.gravatar.com\\\/avatar\\\/cbdc2c116a892779c60d3fb0b7393da9991fda123f415e7597e1b8fffef85cad?s=96&d=mm&r=g\",\"url\":\"https:\\\/\\\/secure.gravatar.com\\\/avatar\\\/cbdc2c116a892779c60d3fb0b7393da9991fda123f415e7597e1b8fffef85cad?s=96&d=mm&r=g\",\"contentUrl\":\"https:\\\/\\\/secure.gravatar.com\\\/avatar\\\/cbdc2c116a892779c60d3fb0b7393da9991fda123f415e7597e1b8fffef85cad?s=96&d=mm&r=g\",\"caption\":\"wassime\"}}]}<\/script>\n<!-- \/ Yoast SEO plugin. -->","yoast_head_json":{"title":"Tommaso Carboni nominato Country Director di bee2link group Italia","description":"Grazie alla sua innovativa applicazione mobile, Carviz offre ispezioni dei veicoli guidate in tempo reale, rapide, affidabili e standardizzate.","robots":{"index":"index","follow":"follow","max-snippet":"max-snippet:-1","max-image-preview":"max-image-preview:large","max-video-preview":"max-video-preview:-1"},"canonical":"https:\/\/bee2linkgroup.com\/it\/actualites\/comunicati-stampa\/tommaso-carboni-nominato-country-director-di-bee2link-group-italia-per-guidare-crescita-e-innovazione-digitale\/","og_locale":"it_IT","og_type":"article","og_title":"Tommaso Carboni nominato Country Director di bee2link group Italia","og_description":"Grazie alla sua innovativa applicazione mobile, Carviz offre ispezioni dei veicoli guidate in tempo reale, rapide, affidabili e standardizzate.","og_url":"https:\/\/bee2linkgroup.com\/it\/actualites\/comunicati-stampa\/tommaso-carboni-nominato-country-director-di-bee2link-group-italia-per-guidare-crescita-e-innovazione-digitale\/","og_site_name":"bee2link group","article_published_time":"2025-10-06T09:00:02+00:00","article_modified_time":"2025-10-06T11:48:00+00:00","og_image":[{"width":1281,"height":729,"url":"https:\/\/bee2linkgroup.com\/wp-content\/uploads\/2025\/09\/Image1.png","type":"image\/png"}],"author":"wassime","twitter_card":"summary_large_image","twitter_misc":{"Scritto da":"wassime","Tempo di lettura stimato":"18 minuti"},"schema":{"@context":"https:\/\/schema.org","@graph":[{"@type":"Article","@id":"https:\/\/bee2linkgroup.com\/it\/actualites\/comunicati-stampa\/tommaso-carboni-nominato-country-director-di-bee2link-group-italia-per-guidare-crescita-e-innovazione-digitale\/#article","isPartOf":{"@id":"https:\/\/bee2linkgroup.com\/it\/actualites\/comunicati-stampa\/tommaso-carboni-nominato-country-director-di-bee2link-group-italia-per-guidare-crescita-e-innovazione-digitale\/"},"author":{"name":"wassime","@id":"https:\/\/bee2linkgroup.com\/it\/#\/schema\/person\/c50ee81f18873700e86fea7adf3c3434"},"headline":"Tommaso Carboni nominato Country Director di bee2link group Italia per guidare crescita e innovazione digitale","datePublished":"2025-10-06T09:00:02+00:00","dateModified":"2025-10-06T11:48:00+00:00","mainEntityOfPage":{"@id":"https:\/\/bee2linkgroup.com\/it\/actualites\/comunicati-stampa\/tommaso-carboni-nominato-country-director-di-bee2link-group-italia-per-guidare-crescita-e-innovazione-digitale\/"},"wordCount":723,"image":{"@id":"https:\/\/bee2linkgroup.com\/it\/actualites\/comunicati-stampa\/tommaso-carboni-nominato-country-director-di-bee2link-group-italia-per-guidare-crescita-e-innovazione-digitale\/#primaryimage"},"thumbnailUrl":"https:\/\/bee2linkgroup.com\/wp-content\/uploads\/2025\/09\/Image1.png","articleSection":["Comunicati stampa"],"inLanguage":"it-IT"},{"@type":"WebPage","@id":"https:\/\/bee2linkgroup.com\/it\/actualites\/comunicati-stampa\/tommaso-carboni-nominato-country-director-di-bee2link-group-italia-per-guidare-crescita-e-innovazione-digitale\/","url":"https:\/\/bee2linkgroup.com\/it\/actualites\/comunicati-stampa\/tommaso-carboni-nominato-country-director-di-bee2link-group-italia-per-guidare-crescita-e-innovazione-digitale\/","name":"Tommaso Carboni nominato Country Director di bee2link group Italia","isPartOf":{"@id":"https:\/\/bee2linkgroup.com\/it\/#website"},"primaryImageOfPage":{"@id":"https:\/\/bee2linkgroup.com\/it\/actualites\/comunicati-stampa\/tommaso-carboni-nominato-country-director-di-bee2link-group-italia-per-guidare-crescita-e-innovazione-digitale\/#primaryimage"},"image":{"@id":"https:\/\/bee2linkgroup.com\/it\/actualites\/comunicati-stampa\/tommaso-carboni-nominato-country-director-di-bee2link-group-italia-per-guidare-crescita-e-innovazione-digitale\/#primaryimage"},"thumbnailUrl":"https:\/\/bee2linkgroup.com\/wp-content\/uploads\/2025\/09\/Image1.png","datePublished":"2025-10-06T09:00:02+00:00","dateModified":"2025-10-06T11:48:00+00:00","author":{"@id":"https:\/\/bee2linkgroup.com\/it\/#\/schema\/person\/c50ee81f18873700e86fea7adf3c3434"},"description":"Grazie alla sua innovativa applicazione mobile, Carviz offre ispezioni dei veicoli guidate in tempo reale, rapide, affidabili e standardizzate.","breadcrumb":{"@id":"https:\/\/bee2linkgroup.com\/it\/actualites\/comunicati-stampa\/tommaso-carboni-nominato-country-director-di-bee2link-group-italia-per-guidare-crescita-e-innovazione-digitale\/#breadcrumb"},"inLanguage":"it-IT","potentialAction":[{"@type":"ReadAction","target":["https:\/\/bee2linkgroup.com\/it\/actualites\/comunicati-stampa\/tommaso-carboni-nominato-country-director-di-bee2link-group-italia-per-guidare-crescita-e-innovazione-digitale\/"]}]},{"@type":"ImageObject","inLanguage":"it-IT","@id":"https:\/\/bee2linkgroup.com\/it\/actualites\/comunicati-stampa\/tommaso-carboni-nominato-country-director-di-bee2link-group-italia-per-guidare-crescita-e-innovazione-digitale\/#primaryimage","url":"https:\/\/bee2linkgroup.com\/wp-content\/uploads\/2025\/09\/Image1.png","contentUrl":"https:\/\/bee2linkgroup.com\/wp-content\/uploads\/2025\/09\/Image1.png","width":1281,"height":729},{"@type":"BreadcrumbList","@id":"https:\/\/bee2linkgroup.com\/it\/actualites\/comunicati-stampa\/tommaso-carboni-nominato-country-director-di-bee2link-group-italia-per-guidare-crescita-e-innovazione-digitale\/#breadcrumb","itemListElement":[{"@type":"ListItem","position":1,"name":"Accueil","item":"https:\/\/bee2linkgroup.com\/it\/"},{"@type":"ListItem","position":2,"name":"Tommaso Carboni nominato Country Director di bee2link group Italia per guidare crescita e innovazione digitale"}]},{"@type":"WebSite","@id":"https:\/\/bee2linkgroup.com\/it\/#website","url":"https:\/\/bee2linkgroup.com\/it\/","name":"bee2link group","description":"Le partenaire de votre futur.","potentialAction":[{"@type":"SearchAction","target":{"@type":"EntryPoint","urlTemplate":"https:\/\/bee2linkgroup.com\/it\/?s={search_term_string}"},"query-input":{"@type":"PropertyValueSpecification","valueRequired":true,"valueName":"search_term_string"}}],"inLanguage":"it-IT"},{"@type":"Person","@id":"https:\/\/bee2linkgroup.com\/it\/#\/schema\/person\/c50ee81f18873700e86fea7adf3c3434","name":"wassime","image":{"@type":"ImageObject","inLanguage":"it-IT","@id":"https:\/\/secure.gravatar.com\/avatar\/cbdc2c116a892779c60d3fb0b7393da9991fda123f415e7597e1b8fffef85cad?s=96&d=mm&r=g","url":"https:\/\/secure.gravatar.com\/avatar\/cbdc2c116a892779c60d3fb0b7393da9991fda123f415e7597e1b8fffef85cad?s=96&d=mm&r=g","contentUrl":"https:\/\/secure.gravatar.com\/avatar\/cbdc2c116a892779c60d3fb0b7393da9991fda123f415e7597e1b8fffef85cad?s=96&d=mm&r=g","caption":"wassime"}}]}},"_links":{"self":[{"href":"https:\/\/bee2linkgroup.com\/it\/wp-json\/wp\/v2\/posts\/348126","targetHints":{"allow":["GET"]}}],"collection":[{"href":"https:\/\/bee2linkgroup.com\/it\/wp-json\/wp\/v2\/posts"}],"about":[{"href":"https:\/\/bee2linkgroup.com\/it\/wp-json\/wp\/v2\/types\/post"}],"author":[{"embeddable":true,"href":"https:\/\/bee2linkgroup.com\/it\/wp-json\/wp\/v2\/users\/5"}],"replies":[{"embeddable":true,"href":"https:\/\/bee2linkgroup.com\/it\/wp-json\/wp\/v2\/comments?post=348126"}],"version-history":[{"count":18,"href":"https:\/\/bee2linkgroup.com\/it\/wp-json\/wp\/v2\/posts\/348126\/revisions"}],"predecessor-version":[{"id":348168,"href":"https:\/\/bee2linkgroup.com\/it\/wp-json\/wp\/v2\/posts\/348126\/revisions\/348168"}],"wp:featuredmedia":[{"embeddable":true,"href":"https:\/\/bee2linkgroup.com\/it\/wp-json\/wp\/v2\/media\/348129"}],"wp:attachment":[{"href":"https:\/\/bee2linkgroup.com\/it\/wp-json\/wp\/v2\/media?parent=348126"}],"wp:term":[{"taxonomy":"category","embeddable":true,"href":"https:\/\/bee2linkgroup.com\/it\/wp-json\/wp\/v2\/categories?post=348126"},{"taxonomy":"post_tag","embeddable":true,"href":"https:\/\/bee2linkgroup.com\/it\/wp-json\/wp\/v2\/tags?post=348126"}],"curies":[{"name":"wp","href":"https:\/\/api.w.org\/{rel}","templated":true}]}}